{"id":5804,"date":"2016-07-29T08:14:09","date_gmt":"2016-07-29T06:14:09","guid":{"rendered":"http:\/\/cgtcantabria.org\/wp\/?p=5804"},"modified":"2016-07-29T08:14:09","modified_gmt":"2016-07-29T06:14:09","slug":"nota-de-alerta","status":"publish","type":"post","link":"https:\/\/cgtcantabria.org\/wp\/?p=5804","title":{"rendered":"Nota de Alerta"},"content":{"rendered":"<p><a href=\"http:\/\/cgtcantabria.org\/wp\/wp-content\/uploads\/2016\/07\/ezlncgt_0.jpg\"><img loading=\"lazy\" decoding=\"async\" class=\"size-full wp-image-5805 alignleft\" src=\"http:\/\/cgtcantabria.org\/wp\/wp-content\/uploads\/2016\/07\/ezlncgt_0.jpg\" alt=\"ezlncgt_0\" width=\"200\" height=\"267\" \/><\/a>A la CGT, a sus militantes, afiliadas y simpatizantes.<\/p>\n<div>\n<p style=\"text-align: justify;\">Compa\u00f1eras y compa\u00f1eros, de la CGT, desde que el EZLN se levant\u00f3 en armas all\u00e1 por 1994 nuestra organizaci\u00f3n ha mantenido un equipo de solidaridad, apoyo, difusi\u00f3n y extensi\u00f3n de cuanto en Chiapas ha ido sucediendo en lo relativo a la construcci\u00f3n de Autonom\u00eda y de Rebeld\u00eda. No solo la del EZLN sino de las muchas y muchos que emprendieron el camino de la autogesti\u00f3n al calor del alzamiento zapatista<\/p>\n<p style=\"text-align: justify;\">Nos hemos ido haciendo eco de sus avances, de sus cambios, de sus errores, de su progreso global. Les ponemos frecuentemente como ejemplo.<\/p>\n<p style=\"text-align: justify;\">Tambi\u00e9n hemos ido redifundiendo las llamadas de apoyo o de advertencia que nos remit\u00edan. Y hace un tiempo que esas llamadas son cada vez m\u00e1s de alerta. No por ellos, que han decidido su camino y son conscientes de la exposici\u00f3n que sufren y las consecuencias que les pueden venir. Sino por quienes est\u00e1n fuera de esa construcci\u00f3n y tambi\u00e9n por la experiencia de nueva sociedad en s\u00ed misma.<\/p>\n<p style=\"text-align: justify;\">Conoc\u00e9is gracias a los medios confederales que la CNTE (Coordinadora Nacional de Trabajadores de la Ense\u00f1anza) lleva manteniendo un pulso ante las autoridades para evitar la aplicaci\u00f3n de la conocida como \u00abreforma educativa\u00bb. Una reforma que esconde una aplicaci\u00f3n de la precariedad laboral al magisterio y la privatizaci\u00f3n de la educaci\u00f3n mexicana.<\/p>\n<p style=\"text-align: justify;\">En San Crist\u00f3bal de las Casas (Chiapas) los maestros y la sociedad civil solidaria manten\u00edan un bloqueo carretero. Al filo de las 12:30 del 20 de julio (horario chiapanenco) elementos polic\u00edacos y civiles encapuchados trabajaron coordinados para desmantelar dicho bloqueo. Para hacer efectivo el desalojo usaron la violencia lo que provoc\u00f3 heridos y el traslado de la protesta al centro de la ciudad. Todo este operativo ha ido acompa\u00f1ado de una campa\u00f1a de miedo e intoxicaci\u00f3n informativa. Y ocurri\u00f3 adem\u00e1s a pocos d\u00edas del inicio del festival \u00abCompArte por la Humanidad\u00bb que los zapatistas convocaron en mayo y que,finalmente, se celebra incorporando sus actividades como una acci\u00f3n en favor de la lucha magisterial.<\/p>\n<p style=\"text-align: justify;\">Esa acci\u00f3n represiva se suma a las llevadas a cabo en Oaxaca y que ya hicieron que la familia confederal saliese a la calle. Desde la secretar\u00eda de Relaciones Internacionales nos enorgullecemos y agradecemos de como entre todas hemos hecho pr\u00e1ctica la solidaridad internacional.<\/p>\n<p style=\"text-align: justify;\">A d\u00eda de hoy, la cuerda est\u00e1 m\u00e1s que tensa. En San Juan Chamula, hace un par de d\u00edas asesinaron al presidente municipal por un pleito de propiedades (los compas, en su pen\u00faltimo comunicado ya avisaban de lo peligroso del ambiente que el mal gobierno est\u00e1 creando entre los Chamulas). Ayer, los del plant\u00f3n, decidieron ocupar por unas horas el Aeropuerto de Tuxla Guti\u00e9rrez. El CompArte re\u00fane a miles de ind\u00edgenas y gente venida de cualquier otra latitud&#8230;<\/p>\n<p style=\"text-align: justify;\">Las provocaciones se han ido convertido en hechos. Los hechos se tergiversan y,a poco, nos van a contar que hay peleas entre bandas rivales&#8230;y que los Federales acuden a salvar al ciudadano honrado.<\/p>\n<p style=\"text-align: justify;\">Pedimos a la Confederaci\u00f3n y a sus afiliadas y militantes prudencia en el uso que hagan de la informaci\u00f3n y que conf\u00eden tan solo en los medios libres mexicanos, (o contrasten con cuanto les podamos trasladar nosotros mismos) y desoigan la desinformaci\u00f3n y el envenenamiento de los medios de paga.<\/p>\n<p style=\"text-align: justify;\">Hace tiempo en Chiapas, en M\u00e9xico, nos necesitan; hemos de ser su altavoz, su refuerzo, su acompa\u00f1amiento&#8230;su protecci\u00f3n.<\/p>\n<p style=\"text-align: justify;\">Pedimos a todos los entes confederales, sindicatos, secretar\u00edas, y grupos de trabajo que permanezcan alerta ante los hechos que tienen lugar en M\u00e9xico y que estemos preparados para una respuesta r\u00e1pida si se confirmaran los hechos represivos que se vaticinan.<\/p>\n<p style=\"text-align: justify;\"><strong>Debemos ser r\u00e1pidos y contundentes en responder.<\/strong><strong><br \/>\n<\/strong><strong><br \/>\n<\/strong><strong>Estemos pendientes de las compa\u00f1eras y compa\u00f1eros en lucha en ese M\u00e9xico de abajo que sentimos tan cerca.<\/strong><\/p>\n<p>Salud.<\/p>\n<p style=\"text-align: right;\"><em>Secretar\u00eda de Relaciones Internacionales. Equipo Mexico<\/em><\/p>\n<\/div>\n","protected":false},"excerpt":{"rendered":"<p>A la CGT, a sus militantes, afiliadas y simpatizantes. Compa\u00f1eras y compa\u00f1eros, de la CGT, desde que el EZLN se levant\u00f3 en armas all\u00e1 por 1994 nuestra organizaci\u00f3n ha mantenido un equipo de solidaridad, apoyo, difusi\u00f3n y extensi\u00f3n de cuanto &hellip; <a href=\"https:\/\/cgtcantabria.org\/wp\/?p=5804\">Sigue leyendo <span class=\"meta-nav\">&rarr;<\/span><\/a><\/p>\n","protected":false},"author":13,"featured_media":0,"comment_status":"open","ping_status":"open","sticky":false,"template":"","format":"gallery","meta":{"footnotes":""},"categories":[16,25],"tags":[],"class_list":["post-5804","post","type-post","status-publish","format-gallery","hentry","category-accion-social","category-internacional","post_format-post-format-gallery"],"_links":{"self":[{"href":"https:\/\/cgtcantabria.org\/wp\/index.php?rest_route=\/wp\/v2\/posts\/5804","targetHints":{"allow":["GET"]}}],"collection":[{"href":"https:\/\/cgtcantabria.org\/wp\/index.php?rest_route=\/wp\/v2\/posts"}],"about":[{"href":"https:\/\/cgtcantabria.org\/wp\/index.php?rest_route=\/wp\/v2\/types\/post"}],"author":[{"embeddable":true,"href":"https:\/\/cgtcantabria.org\/wp\/index.php?rest_route=\/wp\/v2\/users\/13"}],"replies":[{"embeddable":true,"href":"https:\/\/cgtcantabria.org\/wp\/index.php?rest_route=%2Fwp%2Fv2%2Fcomments&post=5804"}],"version-history":[{"count":3,"href":"https:\/\/cgtcantabria.org\/wp\/index.php?rest_route=\/wp\/v2\/posts\/5804\/revisions"}],"predecessor-version":[{"id":5808,"href":"https:\/\/cgtcantabria.org\/wp\/index.php?rest_route=\/wp\/v2\/posts\/5804\/revisions\/5808"}],"wp:attachment":[{"href":"https:\/\/cgtcantabria.org\/wp\/index.php?rest_route=%2Fwp%2Fv2%2Fmedia&parent=5804"}],"wp:term":[{"taxonomy":"category","embeddable":true,"href":"https:\/\/cgtcantabria.org\/wp\/index.php?rest_route=%2Fwp%2Fv2%2Fcategories&post=5804"},{"taxonomy":"post_tag","embeddable":true,"href":"https:\/\/cgtcantabria.org\/wp\/index.php?rest_route=%2Fwp%2Fv2%2Ftags&post=5804"}],"curies":[{"name":"wp","href":"https:\/\/api.w.org\/{rel}","templated":true}]}}