{"id":5821,"date":"2016-08-01T13:35:24","date_gmt":"2016-08-01T11:35:24","guid":{"rendered":"http:\/\/cgtcantabria.org\/wp\/?p=5821"},"modified":"2016-08-01T13:35:24","modified_gmt":"2016-08-01T11:35:24","slug":"ha-comenzado-la-escuela-de-verano-de-ruesta","status":"publish","type":"post","link":"https:\/\/cgtcantabria.org\/wp\/?p=5821","title":{"rendered":"Ha comenzado la Escuela de Verano de Ruesta"},"content":{"rendered":"<p style=\"text-align: justify;\">Despu\u00e9s de cenar se proyect\u00f3 el documental \u00abValent\u00edn. La otra transici\u00f3n\u00bb que recoge la historia del compa\u00f1ero Valent\u00edn Gonz\u00e1lez asesinado por un polic\u00eda mientras ejerc\u00eda de piquete en una huelga en el Mercado de Abastos de Valencia el 25 de junio de 1979.<\/p>\n<p style=\"text-align: justify;\">En la ma\u00f1ana del viernes se desarrollaron los talleres relacionados con los trabajos de los presos.<\/p>\n<p style=\"text-align: justify;\"><a href=\"http:\/\/cgtcantabria.org\/wp\/wp-content\/uploads\/2016\/08\/DSC00465.jpg\"><img loading=\"lazy\" decoding=\"async\" class=\"aligncenter size-full wp-image-5822\" src=\"http:\/\/cgtcantabria.org\/wp\/wp-content\/uploads\/2016\/08\/DSC00465.jpg\" alt=\"DSC00465\" width=\"567\" height=\"425\" srcset=\"https:\/\/cgtcantabria.org\/wp\/wp-content\/uploads\/2016\/08\/DSC00465.jpg 567w, https:\/\/cgtcantabria.org\/wp\/wp-content\/uploads\/2016\/08\/DSC00465-300x225.jpg 300w\" sizes=\"auto, (max-width: 567px) 100vw, 567px\" \/><\/a>Este taller fue expuesto por Cecilio Gordillo y Emiliano Tapia. Como es la idea de toda la Escuela se expuso la situaci\u00f3n de los trabajos forzados de los presos del franquismo, con la proyecci\u00f3n del documental \u00abCampos de Silencio\u00bb que recoge la explicaci\u00f3n de c\u00f3mo se llev\u00f3 a cabo en Sevilla el proyecto del Canal de los Presos y se ubicaban los campos de concentraci\u00f3n de Sevilla durante el franquismo. Tambi\u00e9n se explic\u00f3 las condiciones de trabajo de los presos, etc.<\/p>\n<p style=\"text-align: justify;\">Para hablarnos de la situaci\u00f3n actual de los trabajos de los presos, Emiliano Tapia explic\u00f3 la situaci\u00f3n que padec\u00edan los presos en las c\u00e1rceles hoy y c\u00f3mo su situaci\u00f3n est\u00e1 muy alejada del respeto a los derechos que las leyes, supuestamente, les ofrecen. Una cosa es la legislaci\u00f3n y otra la realidad del d\u00eda a d\u00eda. Realmente se puede decir que hoy sigue habiendo abuso tanto institucional como empresarial de los presos para obtener beneficios tanto las c\u00e1rceles como los grandes emporios que trabajan con ellas.<\/p>\n<p style=\"text-align: justify;\">A la tarde se abord\u00f3 la represi\u00f3n. Tanto ayer como hoy el ejercicio de la represi\u00f3n sobre los que se oponen a las medidas y acciones del estado es latente. Chato Galante (La Comuna) y Alba Villanaba y Sergio S\u00e1nchez (No Somos Delito) han hablado de c\u00f3mo se ha ejercido la represi\u00f3n sobre las desde el tardofranquismo. Chato, querellante contra Gonz\u00e1lez Pacheco (Willy el ni\u00f1o) por torturas ha expuesto la represi\u00f3n y lucha de las mujeres y c\u00f3mo la uni\u00f3n de los presos en las c\u00e1rceles logr\u00f3 que los m\u00e9todos de sufrimiento que padec\u00edan fueran siendo menores. Ha realizado una explicaci\u00f3n del por qu\u00e9 de la querella contra los cr\u00edmenes del franquismo como delitos de lesa humanidad y defendiendo la valoraci\u00f3n de los derechos humanos por encima de todo. Ha hablado de los delitos de beb\u00e9s robados, de las torturas, de los trabajos esclavos, de los desaparecidos&#8230;.<\/p>\n<p style=\"text-align: justify;\">Alba y Sergio han comentado c\u00f3mo desde hace un par de a\u00f1os llevan luchando contra las leyes mordaza (la Ley de Seguridad y el C\u00f3digo Penal). Han establecido el paralelismo de las actuaciones franquistas con las de hoy porque seguimos en el tardofranquismo. Se ha llamado al establecimiento de redes para poder luchar contra la represi\u00f3n y se ha valorado de forma positiva el uso de las redes sociales para disponer de informaci\u00f3n.<\/p>\n<p>Cerraremos la jornada con la proyecci\u00f3n del documental de Juan Felipe, \u00abEl tiempo de las Cerezas\u00bb.<\/p>\n<p>Tambi\u00e9n, los asistentes pueden disfrutar de la exposici\u00f3n \u00abLa Revoluci\u00f3n Libertaria\u00bb.<\/p>\n","protected":false},"excerpt":{"rendered":"<p>Despu\u00e9s de cenar se proyect\u00f3 el documental \u00abValent\u00edn. La otra transici\u00f3n\u00bb que recoge la historia del compa\u00f1ero Valent\u00edn Gonz\u00e1lez asesinado por un polic\u00eda mientras ejerc\u00eda de piquete en una huelga en el Mercado de Abastos de Valencia el 25 de &hellip; <a href=\"https:\/\/cgtcantabria.org\/wp\/?p=5821\">Sigue leyendo <span class=\"meta-nav\">&rarr;<\/span><\/a><\/p>\n","protected":false},"author":13,"featured_media":0,"comment_status":"open","ping_status":"open","sticky":false,"template":"","format":"gallery","meta":{"footnotes":""},"categories":[16],"tags":[],"class_list":["post-5821","post","type-post","status-publish","format-gallery","hentry","category-accion-social","post_format-post-format-gallery"],"_links":{"self":[{"href":"https:\/\/cgtcantabria.org\/wp\/index.php?rest_route=\/wp\/v2\/posts\/5821","targetHints":{"allow":["GET"]}}],"collection":[{"href":"https:\/\/cgtcantabria.org\/wp\/index.php?rest_route=\/wp\/v2\/posts"}],"about":[{"href":"https:\/\/cgtcantabria.org\/wp\/index.php?rest_route=\/wp\/v2\/types\/post"}],"author":[{"embeddable":true,"href":"https:\/\/cgtcantabria.org\/wp\/index.php?rest_route=\/wp\/v2\/users\/13"}],"replies":[{"embeddable":true,"href":"https:\/\/cgtcantabria.org\/wp\/index.php?rest_route=%2Fwp%2Fv2%2Fcomments&post=5821"}],"version-history":[{"count":1,"href":"https:\/\/cgtcantabria.org\/wp\/index.php?rest_route=\/wp\/v2\/posts\/5821\/revisions"}],"predecessor-version":[{"id":5823,"href":"https:\/\/cgtcantabria.org\/wp\/index.php?rest_route=\/wp\/v2\/posts\/5821\/revisions\/5823"}],"wp:attachment":[{"href":"https:\/\/cgtcantabria.org\/wp\/index.php?rest_route=%2Fwp%2Fv2%2Fmedia&parent=5821"}],"wp:term":[{"taxonomy":"category","embeddable":true,"href":"https:\/\/cgtcantabria.org\/wp\/index.php?rest_route=%2Fwp%2Fv2%2Fcategories&post=5821"},{"taxonomy":"post_tag","embeddable":true,"href":"https:\/\/cgtcantabria.org\/wp\/index.php?rest_route=%2Fwp%2Fv2%2Ftags&post=5821"}],"curies":[{"name":"wp","href":"https:\/\/api.w.org\/{rel}","templated":true}]}}