{"id":5824,"date":"2016-08-01T13:41:31","date_gmt":"2016-08-01T11:41:31","guid":{"rendered":"http:\/\/cgtcantabria.org\/wp\/?p=5824"},"modified":"2016-08-01T13:41:31","modified_gmt":"2016-08-01T11:41:31","slug":"la-mirada-de-kati-horna","status":"publish","type":"post","link":"https:\/\/cgtcantabria.org\/wp\/?p=5824","title":{"rendered":"La Mirada de KATI HORNA"},"content":{"rendered":"<p style=\"text-align: justify;\"><strong>En 2016 se cumplen 80 a\u00f1os del golpe de estado que seg\u00f3 la vida e ilusiones de gran parte de los espa\u00f1oles y espa\u00f1olas. Desde CGT queremos recordar su memoria a trav\u00e9s de quien supo retratarles con gran maestr\u00eda.<\/strong><\/p>\n<p style=\"text-align: justify;\"><strong>Exposici\u00f3n fotogr\u00e1fica: La mirada de KATI HORNA &#8211; Guerra y Revoluci\u00f3n (1936-1939)<\/strong><\/p>\n<p><iframe loading=\"lazy\" src=\"https:\/\/www.youtube.com\/embed\/p5kIZ1ABlkQ\" width=\"560\" height=\"315\" frameborder=\"0\" allowfullscreen=\"allowfullscreen\"><\/iframe><\/p>\n<p style=\"text-align: justify;\"><a href=\"http:\/\/cgtcantabria.org\/wp\/wp-content\/uploads\/2016\/08\/descarga.jpg\"><img loading=\"lazy\" decoding=\"async\" class=\"size-full wp-image-5825 alignleft\" src=\"http:\/\/cgtcantabria.org\/wp\/wp-content\/uploads\/2016\/08\/descarga.jpg\" alt=\"descarga\" width=\"279\" height=\"180\" \/><\/a>Kati Horna es sin duda una de las creadoras m\u00e1s inusuales y aut\u00e9nticas del s.XX.<\/p>\n<p style=\"text-align: justify;\">\u201cUna Obrera de la Fotograf\u00eda\u201d como se defin\u00eda ella misma.<\/p>\n<p style=\"text-align: justify;\">Era una mujer feminista, solidaria y libertaria comprometida con su tiempo y su arte, que tuvo el valor de ser nuestros ojos, los de las personas an\u00f3nimas y dignas que vivimos en la retaguardia.<\/p>\n<p style=\"text-align: justify;\">No le interesaba la muerte ni la crueldad, nunca las muestra abiertamente, sino la dignidad de la poblaci\u00f3n que resist\u00eda la guerra. Frente al espect\u00e1culo de los cuerpos desmembrados, la sangre y el campo de batalla, Horna nos plantea un espacio de reflexi\u00f3n sobre la guerra y sus consecuencias sobre la poblaci\u00f3n civil.<\/p>\n<p style=\"text-align: justify;\">Pacifista y anarquista, su fotograf\u00eda representa la memoria de lo cotidiano. Y en esa cotidianidad, siempre la presencia de las MU-JE-RES: las madres combativas, las milicianas, las \u201cmujeres libres\u201d, las ni\u00f1as y las ancianas.<\/p>\n<p style=\"text-align: justify;\">Fotografi\u00f3 las colectividades, comit\u00e9s de gesti\u00f3n de la producci\u00f3n en las empresas, ocupaci\u00f3n de iglesias y edificios\u2026 la revoluci\u00f3n que intentaba crear las bases para la instauraci\u00f3n de una nueva sociedad libertaria.<\/p>\n<p style=\"text-align: justify;\">Kati Horna no quiso publicar en grandes revistas, solo lo hizo en publicaciones anarquistas como Umbral, Tierra y Libertad o Mujeres Libres y su memoria est\u00e1 exenta del glamour de alguno de sus compa\u00f1eros, pero el legado de su trabajo ha llegado hasta hoy, abri\u00e9ndonos una ventana por la que observar las ilusiones de quienes creyeron que otro mundo era posible, y tanto lucharon por alcanzarlo.<\/p>\n<p>Exposici\u00f3n Fotogr\u00e1fica<\/p>\n<p>La Mirada de KATI HORNA<\/p>\n<p>Guerra y Revoluci\u00f3n (1936-1939)<\/p>\n<p>Del 1 al 15 de julio 2016<\/p>\n<p>Centro Municipal de las Artes<\/p>\n<p>Pl. de Quijano, 2 &#8211; Alicante<\/p>\n<p>Esta exposici\u00f3n est\u00e1 abierta a los colectivos que est\u00e9n interesados y recorrer los diferentes territorios del estado.<\/p>\n<p>Contacto: <a href=\"mailto:comunicacion-cgtpv@rojoynegro.info\">comunicacion-cgtpv@rojoynegro.info<\/a><\/p>\n<p>M\u00e1s informaci\u00f3n en Addenda, Suplemento cultural RyN n\u00ba37, junio 2016:<\/p>\n<p><a title=\"http:\/\/www.rojoynegro.info\/sites\/default\/files\/addenda37junio.pdf\" href=\"http:\/\/www.rojoynegro.info\/sites\/default\/files\/addenda37junio.pdf\">http:\/\/www.rojoynegro.info\/sites\/default\/files\/addenda37junio.pdf<\/a><\/p>\n<p><a title=\"http:\/\/www.cgtmurcia.org\/cultura-libertaria\/1398-la-mirada-de-kati-horna\" href=\"http:\/\/www.cgtmurcia.org\/cultura-libertaria\/1398-la-mirada-de-kati-horna\">http:\/\/www.cgtmurcia.org\/cultura-libertaria\/1398-la-mirada-de-kati-horna<\/a><\/p>\n","protected":false},"excerpt":{"rendered":"<p>En 2016 se cumplen 80 a\u00f1os del golpe de estado que seg\u00f3 la vida e ilusiones de gran parte de los espa\u00f1oles y espa\u00f1olas. Desde CGT queremos recordar su memoria a trav\u00e9s de quien supo retratarles con gran maestr\u00eda. Exposici\u00f3n &hellip; <a href=\"https:\/\/cgtcantabria.org\/wp\/?p=5824\">Sigue leyendo <span class=\"meta-nav\">&rarr;<\/span><\/a><\/p>\n","protected":false},"author":13,"featured_media":0,"comment_status":"open","ping_status":"open","sticky":false,"template":"","format":"gallery","meta":{"footnotes":""},"categories":[16,4],"tags":[],"class_list":["post-5824","post","type-post","status-publish","format-gallery","hentry","category-accion-social","category-videos","post_format-post-format-gallery"],"_links":{"self":[{"href":"https:\/\/cgtcantabria.org\/wp\/index.php?rest_route=\/wp\/v2\/posts\/5824","targetHints":{"allow":["GET"]}}],"collection":[{"href":"https:\/\/cgtcantabria.org\/wp\/index.php?rest_route=\/wp\/v2\/posts"}],"about":[{"href":"https:\/\/cgtcantabria.org\/wp\/index.php?rest_route=\/wp\/v2\/types\/post"}],"author":[{"embeddable":true,"href":"https:\/\/cgtcantabria.org\/wp\/index.php?rest_route=\/wp\/v2\/users\/13"}],"replies":[{"embeddable":true,"href":"https:\/\/cgtcantabria.org\/wp\/index.php?rest_route=%2Fwp%2Fv2%2Fcomments&post=5824"}],"version-history":[{"count":1,"href":"https:\/\/cgtcantabria.org\/wp\/index.php?rest_route=\/wp\/v2\/posts\/5824\/revisions"}],"predecessor-version":[{"id":5826,"href":"https:\/\/cgtcantabria.org\/wp\/index.php?rest_route=\/wp\/v2\/posts\/5824\/revisions\/5826"}],"wp:attachment":[{"href":"https:\/\/cgtcantabria.org\/wp\/index.php?rest_route=%2Fwp%2Fv2%2Fmedia&parent=5824"}],"wp:term":[{"taxonomy":"category","embeddable":true,"href":"https:\/\/cgtcantabria.org\/wp\/index.php?rest_route=%2Fwp%2Fv2%2Fcategories&post=5824"},{"taxonomy":"post_tag","embeddable":true,"href":"https:\/\/cgtcantabria.org\/wp\/index.php?rest_route=%2Fwp%2Fv2%2Ftags&post=5824"}],"curies":[{"name":"wp","href":"https:\/\/api.w.org\/{rel}","templated":true}]}}