{"id":5836,"date":"2016-08-03T11:39:15","date_gmt":"2016-08-03T09:39:15","guid":{"rendered":"http:\/\/cgtcantabria.org\/wp\/?p=5836"},"modified":"2016-08-03T11:39:15","modified_gmt":"2016-08-03T09:39:15","slug":"epa-deficit-recortes","status":"publish","type":"post","link":"https:\/\/cgtcantabria.org\/wp\/?p=5836","title":{"rendered":"EPA, d\u00e9ficit, recortes&#8230;"},"content":{"rendered":"<p style=\"text-align: justify;\"><strong><a href=\"http:\/\/cgtcantabria.org\/wp\/wp-content\/uploads\/2016\/08\/capitalismo_2.jpg\"><img loading=\"lazy\" decoding=\"async\" class=\" wp-image-5837 alignleft\" src=\"http:\/\/cgtcantabria.org\/wp\/wp-content\/uploads\/2016\/08\/capitalismo_2.jpg\" alt=\"capitalismo_2\" width=\"279\" height=\"245\" \/><\/a>La Encuesta de Poblaci\u00f3n Activa (EPA) del II trimestre del 2016, a la vez que la Encuesta Anual de Costes Laborales 2015 (EACL), corroboran que las pol\u00edticas fiscales, laborales y sociales que los gobiernos de las grandes Transnacionales (Ibex 35) y de la Comisi\u00f3n Europea (Bruselas) est\u00e1n cumpliendo sus objetivos:\u00a0desposesi\u00f3n de salarios y precarizaci\u00f3n integral del mundo del trabajo.<\/strong><\/p>\n<p style=\"text-align: justify;\">La EPA certifica que el paro desciende en 216.700 personas en el per\u00edodo de abril, mayo y junio, gracias al crecimiento del <strong>empleo temporal y precario.<\/strong><\/p>\n<p style=\"text-align: justify;\"><strong>Temporal<\/strong><strong>, <\/strong>porque <strong>todo el empleo creado se hace en el sector privado (294.600), <\/strong>mientras que<strong> en el p\u00fablico se destruyeron 23.200 empleos <\/strong>(profesores esencialmente). <strong>\u00a0<\/strong>Es el sector<strong> <em>Servicios <\/em><\/strong>el que genera el 78% de todo este empleo (Hosteler\u00eda, Hoteles, etc.) y el sector de la<strong><em> Construcci\u00f3n <\/em><\/strong>que genera el 15,47%.<\/p>\n<p style=\"text-align: justify;\"><strong>Precario<\/strong><strong>, <\/strong>porque<strong> son contratos estacionales, temporales y mal, muy mal pagados, pr\u00e1cticamente gratis para el empresariado, <\/strong>que se exime de pagar cotizaciones sociales hasta 500\u20ac, es decir, el salario m\u00e1s frecuente que se est\u00e1 pagando en estos mercados de trabajo \u201cmodernos\u201d desde la entrada en vigor de la R.L. del 2012.<\/p>\n<p style=\"text-align: justify;\">Que se genere empleo (precario y temporal) en el sector privado y se destruya en el p\u00fablico, tiene dos mensajes concretos a la poblaci\u00f3n: <strong>si quer\u00e9is trabajar y percibir alg\u00fan salario de supervivencia, debe ser en el sector privado y \u201ctragar\u201d con cualesquiera de las condiciones que el \u201cmercado\u201d os imponga<\/strong>. Y un segundo mensaje, el sector p\u00fablico viene siendo desmantelado en personal y en recursos, luego las prestaciones sociales deben ser cada vez menos, para que la poblaci\u00f3n se lance a la caza de los \u201cempleos privados\u201d.<\/p>\n<p style=\"text-align: justify;\">Ni siquiera, el \u201cabsurdo de este crecimiento\u201d, es capaz de ocultar la realidad que afecta a las personas m\u00e1s castigadas y perjudicadas, la juventud<strong>: el paro juvenil aumenta en un 3,4% <\/strong>en el segundo trimestre<strong>.\u00a0 Su tasa de desempleo <\/strong>se sit\u00faa en el<strong> 46,4%, <\/strong>es decir<strong>, tenemos casi 700.000 j\u00f3venes menores de 25 a\u00f1os parados y paradas. Los hogares con todos sus miembros activos en paro siguen siendo casi 1,5 millones.<\/strong><\/p>\n<p style=\"text-align: justify;\">La Comisi\u00f3n Europea ha decidido \u201cno castigar al reino de Espa\u00f1a\u201d con una multa por \u201csaltarse el sacrosanto y criminal d\u00e9ficit\u201d, en base a condicionar al estado espa\u00f1ol, a trav\u00e9s de un sistema infame de vigilancia de sus cuentas (Presupuestos Generales), oblig\u00e1ndole a realizar nuevos <strong>RECORTES por importe de 10.000 millones, <\/strong>en los a\u00f1os 2017 y 2018<strong>.<\/strong><\/p>\n<p style=\"text-align: justify;\">Solo hay dos maneras de incrementar estos recortes<strong>, o en el ingreso <\/strong>(aumento de los impuestos)<strong> o en el gasto <\/strong>(recortes en las partidas de mayor gasto: pensiones, educaci\u00f3n, sanidad, dependencia\u2026).<\/p>\n<p style=\"text-align: justify;\">El Ibex 35 y las \u00e9lites gobernantes (PP, PSOE, PNV y CDC), nos han dejado claro, <strong>desde la gran estafa social del 2008<\/strong>, que el mecanismo para\u00a0 \u201cimplementar las medidas estructurales (recortes) de cara a salir de la crisis y luego de la recesi\u00f3n\u201d, es el del <strong>GASTO SOCIAL<\/strong>. Con un d\u00e9ficit nominal de la Seguridad Social cercano a los 17.000 millones, hace falta poca imaginaci\u00f3n para saber por d\u00f3nde van a ir las \u201ccuentas del 2017 y 2018\u201d, <strong>gobierne quien gobierne<\/strong>.<\/p>\n<p style=\"text-align: justify;\">La CGT lucha por dar un vuelco de 180 grados a estas pol\u00edticas de desposesi\u00f3n y de robo de los derechos de la mayor\u00eda social, tratando de <strong>aglutinar fuerzas reales<\/strong> <strong>en la sociedad civil y en la clase trabajadora, <\/strong>para contestar con la movilizaci\u00f3n conjunta, de manera global, en el pr\u00f3ximo oto\u00f1o. Es nuestra \u00fanica posibilidad\u00a0 si queremos generar una sociedad menos desigual y menos injusta.<\/p>\n<p style=\"text-align: justify;\">Secretariado Permanente de la CGT<\/p>\n","protected":false},"excerpt":{"rendered":"<p>La Encuesta de Poblaci\u00f3n Activa (EPA) del II trimestre del 2016, a la vez que la Encuesta Anual de Costes Laborales 2015 (EACL), corroboran que las pol\u00edticas fiscales, laborales y sociales que los gobiernos de las grandes Transnacionales (Ibex 35) &hellip; <a href=\"https:\/\/cgtcantabria.org\/wp\/?p=5836\">Sigue leyendo <span class=\"meta-nav\">&rarr;<\/span><\/a><\/p>\n","protected":false},"author":13,"featured_media":0,"comment_status":"open","ping_status":"open","sticky":false,"template":"","format":"gallery","meta":{"footnotes":""},"categories":[16,5],"tags":[],"class_list":["post-5836","post","type-post","status-publish","format-gallery","hentry","category-accion-social","category-comunicados","post_format-post-format-gallery"],"_links":{"self":[{"href":"https:\/\/cgtcantabria.org\/wp\/index.php?rest_route=\/wp\/v2\/posts\/5836","targetHints":{"allow":["GET"]}}],"collection":[{"href":"https:\/\/cgtcantabria.org\/wp\/index.php?rest_route=\/wp\/v2\/posts"}],"about":[{"href":"https:\/\/cgtcantabria.org\/wp\/index.php?rest_route=\/wp\/v2\/types\/post"}],"author":[{"embeddable":true,"href":"https:\/\/cgtcantabria.org\/wp\/index.php?rest_route=\/wp\/v2\/users\/13"}],"replies":[{"embeddable":true,"href":"https:\/\/cgtcantabria.org\/wp\/index.php?rest_route=%2Fwp%2Fv2%2Fcomments&post=5836"}],"version-history":[{"count":1,"href":"https:\/\/cgtcantabria.org\/wp\/index.php?rest_route=\/wp\/v2\/posts\/5836\/revisions"}],"predecessor-version":[{"id":5838,"href":"https:\/\/cgtcantabria.org\/wp\/index.php?rest_route=\/wp\/v2\/posts\/5836\/revisions\/5838"}],"wp:attachment":[{"href":"https:\/\/cgtcantabria.org\/wp\/index.php?rest_route=%2Fwp%2Fv2%2Fmedia&parent=5836"}],"wp:term":[{"taxonomy":"category","embeddable":true,"href":"https:\/\/cgtcantabria.org\/wp\/index.php?rest_route=%2Fwp%2Fv2%2Fcategories&post=5836"},{"taxonomy":"post_tag","embeddable":true,"href":"https:\/\/cgtcantabria.org\/wp\/index.php?rest_route=%2Fwp%2Fv2%2Ftags&post=5836"}],"curies":[{"name":"wp","href":"https:\/\/api.w.org\/{rel}","templated":true}]}}