{"id":5910,"date":"2016-08-24T14:24:23","date_gmt":"2016-08-24T12:24:23","guid":{"rendered":"http:\/\/cgtcantabria.org\/wp\/?p=5910"},"modified":"2016-08-24T14:24:23","modified_gmt":"2016-08-24T12:24:23","slug":"concentraciones-miercoles-24-en-burgos-y-aranda-en-solidaridad-con-la-trabajadora-del-bbva-despedida","status":"publish","type":"post","link":"https:\/\/cgtcantabria.org\/wp\/?p=5910","title":{"rendered":"Concentraciones mi\u00e9rcoles 24 en Burgos y Aranda en solidaridad con la trabajadora del BBVA despedida"},"content":{"rendered":"<p style=\"text-align: justify;\"><strong><a href=\"http:\/\/cgtcantabria.org\/wp\/wp-content\/uploads\/2016\/08\/logo-nuevo09P2.gif\"><img loading=\"lazy\" decoding=\"async\" class=\"aligncenter size-full wp-image-5911\" src=\"http:\/\/cgtcantabria.org\/wp\/wp-content\/uploads\/2016\/08\/logo-nuevo09P2.gif\" alt=\"logo-nuevo09P2\" width=\"200\" height=\"140\" \/><\/a>BBVA procedi\u00f3 a despedir, a 14 personas a la vez, el pasado d\u00eda 8 de junio, bajo la acusaci\u00f3n de \u00abruptura de la buena fe contractual, por baja productividad\u00bb. Y una de despedidas es Irene, trabajadora y afiliada de la CGT de Aranda de Duero.<\/strong><\/p>\n<p style=\"text-align: justify;\">El perfil de las 14 personas es \u00abfalta de ambici\u00f3n profesional\u00bb, en palabras del Banco. Ni eran las \u00faltimas de los rankings, ni un ranking puede justificar por s\u00ed una medida como esta. Que se haya despedido a 2 personas por Territorial, con la excepci\u00f3n de 3 en la Centro y 1 en Canarias, ya da una idea clara de que esta medida no tiene nada que ver con la objetividad ni con las personas afectadas. Estamos ante una agresi\u00f3n directa contra el empleo del conjunto de la plantilla. Buscan preparar el terreno y AMEDRENTAR al conjunto de trabajadores y trabajadoras del BBVA. El origen de esta forma de actuar es consecuencia de la mediocridad e incapacidad de los directivos del banco. Lejos de asustarnos, s\u00f3lo cabe responder con la contundencia que el momento requiere.<\/p>\n<p style=\"text-align: justify;\">La respuesta inicial dada un\u00e1nimemente por la representaci\u00f3n sindical en BBVA, fue realizar concentraciones de delegados y delegadas y la plantilla en las cabeceras de las siete Territoriales en las que se organiza BBVA.<\/p>\n<p style=\"text-align: justify;\">Esta respuesta no ha sido suficiente y, en los actos de conciliaci\u00f3n celebrados, no ha habido avenencia, estando pendientes para el juicio en el que solicitaremos la nulidad de los despidos.<\/p>\n<p style=\"text-align: justify;\">Por ello damos continuidad a la lucha realizando concentraciones el mi\u00e9rcoles 24 de agosto seg\u00fan detalle demostrando que en CGT cuando tocan a una nos tocan a todas.<\/p>\n<p style=\"text-align: justify;\">* De 11 a 12 h. ante la sede del BBVA en la calle Victoria n\u00famero 7 &#8211; 09004 Burgos.<\/p>\n<p style=\"text-align: justify;\">* De 13,30 a 14 h. ante la sede del BBVA en la Plaza Arco Isilla, 11 &#8211; 09400 Aranda de Duero.<\/p>\n<p>En la propia concentraci\u00f3n, si quereis ampliar la noticia, estaremos a vuestra disposici\u00f3n.<\/p>\n","protected":false},"excerpt":{"rendered":"<p>BBVA procedi\u00f3 a despedir, a 14 personas a la vez, el pasado d\u00eda 8 de junio, bajo la acusaci\u00f3n de \u00abruptura de la buena fe contractual, por baja productividad\u00bb. Y una de despedidas es Irene, trabajadora y afiliada de la &hellip; <a href=\"https:\/\/cgtcantabria.org\/wp\/?p=5910\">Sigue leyendo <span class=\"meta-nav\">&rarr;<\/span><\/a><\/p>\n","protected":false},"author":13,"featured_media":0,"comment_status":"open","ping_status":"open","sticky":false,"template":"","format":"gallery","meta":{"footnotes":""},"categories":[15,36],"tags":[],"class_list":["post-5910","post","type-post","status-publish","format-gallery","hentry","category-accion-sindical","category-banca","post_format-post-format-gallery"],"_links":{"self":[{"href":"https:\/\/cgtcantabria.org\/wp\/index.php?rest_route=\/wp\/v2\/posts\/5910","targetHints":{"allow":["GET"]}}],"collection":[{"href":"https:\/\/cgtcantabria.org\/wp\/index.php?rest_route=\/wp\/v2\/posts"}],"about":[{"href":"https:\/\/cgtcantabria.org\/wp\/index.php?rest_route=\/wp\/v2\/types\/post"}],"author":[{"embeddable":true,"href":"https:\/\/cgtcantabria.org\/wp\/index.php?rest_route=\/wp\/v2\/users\/13"}],"replies":[{"embeddable":true,"href":"https:\/\/cgtcantabria.org\/wp\/index.php?rest_route=%2Fwp%2Fv2%2Fcomments&post=5910"}],"version-history":[{"count":1,"href":"https:\/\/cgtcantabria.org\/wp\/index.php?rest_route=\/wp\/v2\/posts\/5910\/revisions"}],"predecessor-version":[{"id":5912,"href":"https:\/\/cgtcantabria.org\/wp\/index.php?rest_route=\/wp\/v2\/posts\/5910\/revisions\/5912"}],"wp:attachment":[{"href":"https:\/\/cgtcantabria.org\/wp\/index.php?rest_route=%2Fwp%2Fv2%2Fmedia&parent=5910"}],"wp:term":[{"taxonomy":"category","embeddable":true,"href":"https:\/\/cgtcantabria.org\/wp\/index.php?rest_route=%2Fwp%2Fv2%2Fcategories&post=5910"},{"taxonomy":"post_tag","embeddable":true,"href":"https:\/\/cgtcantabria.org\/wp\/index.php?rest_route=%2Fwp%2Fv2%2Ftags&post=5910"}],"curies":[{"name":"wp","href":"https:\/\/api.w.org\/{rel}","templated":true}]}}