{"id":6756,"date":"2017-01-29T18:47:44","date_gmt":"2017-01-29T16:47:44","guid":{"rendered":"http:\/\/cgtcantabria.org\/wp\/?p=6756"},"modified":"2017-01-29T12:49:05","modified_gmt":"2017-01-29T10:49:05","slug":"la-cgt-junto-a-las-marchas-de-la-dignidad-volvemos-a-las-calles-el-25-de-febrero","status":"publish","type":"post","link":"https:\/\/cgtcantabria.org\/wp\/?p=6756","title":{"rendered":"La CGT junto a las Marchas de la Dignidad volvemos a las calles el 25 de febrero"},"content":{"rendered":"<p style=\"text-align: justify;\"><strong>Esta vez daremos prioridad al ataque que nos tienen preparado contra las Pensiones P\u00fablicas, a la defensa de los Servicios P\u00fablicos como derechos esenciales de todas las personas, a la eliminaci\u00f3n del art\u00edculo 135 de la Constituci\u00f3n y el NO al pago de la Deuda ileg\u00edtima. Ello adem\u00e1s de todas las reivindicaciones incluidas en nuestro Manifiesto, entre las que siempre ser\u00e1 prioritaria la del fin de la represi\u00f3n a las personas por luchar y la Amnist\u00eda Social para todas las que est\u00e1n encarceladas, encausadas, perseguidas\u2026<\/strong><\/p>\n<p style=\"text-align: justify;\"><a href=\"http:\/\/cgtcantabria.org\/wp\/wp-content\/uploads\/2017\/01\/xbaf0cd2ad8af3c18bcc2626790a95e25-545x363.jpg.pagespeed.ic_.oLuIlPW0A2.jpg\"><img loading=\"lazy\" decoding=\"async\" class=\"aligncenter size-full wp-image-6757\" src=\"http:\/\/cgtcantabria.org\/wp\/wp-content\/uploads\/2017\/01\/xbaf0cd2ad8af3c18bcc2626790a95e25-545x363.jpg.pagespeed.ic_.oLuIlPW0A2.jpg\" alt=\"xbaf0cd2ad8af3c18bcc2626790a95e25-545x363.jpg.pagespeed.ic.oLuIlPW0A2\" width=\"545\" height=\"363\" srcset=\"https:\/\/cgtcantabria.org\/wp\/wp-content\/uploads\/2017\/01\/xbaf0cd2ad8af3c18bcc2626790a95e25-545x363.jpg.pagespeed.ic_.oLuIlPW0A2.jpg 545w, https:\/\/cgtcantabria.org\/wp\/wp-content\/uploads\/2017\/01\/xbaf0cd2ad8af3c18bcc2626790a95e25-545x363.jpg.pagespeed.ic_.oLuIlPW0A2-300x200.jpg 300w\" sizes=\"auto, (max-width: 545px) 100vw, 545px\" \/><\/a>La CGT, junto a las Marchas de la Dignidad, volver\u00e1 a las calles el d\u00eda 25 de Febrero para exigir \u201cPan, Trabajo, Techo y Dignidad\u201d para todas las personas que forman la mayor\u00eda social, la clase trabajadora, la poblaci\u00f3n en general que sufre el saqueo de las arcas p\u00fablicas por parte de empresarios y pol\u00edticos sin escr\u00fapulos desde que comenz\u00f3 la Crisis-Estafa.<\/p>\n<p style=\"text-align: justify;\">Nuevamente nos movilizaremos de forma descentralizada en todo el territorio del estado, en multitud de ciudades y pueblos, con la participaci\u00f3n de colectivos en conflicto de muchos sectores, personas trabajadoras, en activo o en situaci\u00f3n de desempleo, estudiantes, pensionistas, colectivos feministas, migrantes, personas usuarias de los servicios p\u00fablicos, sindicatos alternativos, partidos pol\u00edticos de la nueva y vieja izquierda, etc\u2026<\/p>\n<p style=\"text-align: justify;\">Las Marchas de la Dignidad constituyen un movimiento muy plural de organizaciones y colectivos, de diferentes procedencias ideol\u00f3gicas y geogr\u00e1ficas, aunque todas situadas en el \u00e1mbito de la izquierda, cuya capacidad de movilizaci\u00f3n se ha demostrado a lo largo de estos a\u00f1os de crisis-estafa, cuando los sindicatos del r\u00e9gimen han permanecido escondidos. Su Manifiesto reivindicativo es el m\u00e1s amplio, contundente y completo de cuantas plataformas hay funcionando actualmente en el estado espa\u00f1ol. Su recorrido no ha estado exento de dificultades, debates, intentos de manipulaci\u00f3n pol\u00edtica, etc\u2026, dada su diversidad e implantaci\u00f3n geogr\u00e1fica pero, hasta ahora, el movimiento siempre ha salido reforzado despu\u00e9s de abordar estos desencuentros.<\/p>\n","protected":false},"excerpt":{"rendered":"<p>Esta vez daremos prioridad al ataque que nos tienen preparado contra las Pensiones P\u00fablicas, a la defensa de los Servicios P\u00fablicos como derechos esenciales de todas las personas, a la eliminaci\u00f3n del art\u00edculo 135 de la Constituci\u00f3n y el NO &hellip; <a href=\"https:\/\/cgtcantabria.org\/wp\/?p=6756\">Sigue leyendo <span class=\"meta-nav\">&rarr;<\/span><\/a><\/p>\n","protected":false},"author":13,"featured_media":0,"comment_status":"open","ping_status":"open","sticky":false,"template":"","format":"gallery","meta":{"footnotes":""},"categories":[16,37,7],"tags":[],"class_list":["post-6756","post","type-post","status-publish","format-gallery","hentry","category-accion-social","category-amnistia-social","category-movilizaciones","post_format-post-format-gallery"],"_links":{"self":[{"href":"https:\/\/cgtcantabria.org\/wp\/index.php?rest_route=\/wp\/v2\/posts\/6756","targetHints":{"allow":["GET"]}}],"collection":[{"href":"https:\/\/cgtcantabria.org\/wp\/index.php?rest_route=\/wp\/v2\/posts"}],"about":[{"href":"https:\/\/cgtcantabria.org\/wp\/index.php?rest_route=\/wp\/v2\/types\/post"}],"author":[{"embeddable":true,"href":"https:\/\/cgtcantabria.org\/wp\/index.php?rest_route=\/wp\/v2\/users\/13"}],"replies":[{"embeddable":true,"href":"https:\/\/cgtcantabria.org\/wp\/index.php?rest_route=%2Fwp%2Fv2%2Fcomments&post=6756"}],"version-history":[{"count":1,"href":"https:\/\/cgtcantabria.org\/wp\/index.php?rest_route=\/wp\/v2\/posts\/6756\/revisions"}],"predecessor-version":[{"id":6758,"href":"https:\/\/cgtcantabria.org\/wp\/index.php?rest_route=\/wp\/v2\/posts\/6756\/revisions\/6758"}],"wp:attachment":[{"href":"https:\/\/cgtcantabria.org\/wp\/index.php?rest_route=%2Fwp%2Fv2%2Fmedia&parent=6756"}],"wp:term":[{"taxonomy":"category","embeddable":true,"href":"https:\/\/cgtcantabria.org\/wp\/index.php?rest_route=%2Fwp%2Fv2%2Fcategories&post=6756"},{"taxonomy":"post_tag","embeddable":true,"href":"https:\/\/cgtcantabria.org\/wp\/index.php?rest_route=%2Fwp%2Fv2%2Ftags&post=6756"}],"curies":[{"name":"wp","href":"https:\/\/api.w.org\/{rel}","templated":true}]}}