{"id":6828,"date":"2017-02-15T19:34:20","date_gmt":"2017-02-15T17:34:20","guid":{"rendered":"http:\/\/cgtcantabria.org\/wp\/?p=6828"},"modified":"2017-02-15T15:35:53","modified_gmt":"2017-02-15T13:35:53","slug":"sentencia-absolutoria-del-juicio-que-tuvo-lugar-el-pasado-30-de-enero-contra-leti-y-jaume-de-la-corrala-la-guevara","status":"publish","type":"post","link":"https:\/\/cgtcantabria.org\/wp\/?p=6828","title":{"rendered":"SENTENCIA ABSOLUTORIA del juicio que tuvo lugar el pasado 30 de enero contra Leti y Jaume, de la Corrala La Guevara!!"},"content":{"rendered":"<p style=\"text-align: justify;\">La fiscal\u00eda y el abogado de Banco Popular actuaron implacablemente, y su petici\u00f3n de condena es una de las m\u00e1s duras que hemos sufrido en nuestro entorno en materia de usurpaci\u00f3n. 1800 euros para Leticia y 900 euros para Jaume, que de no ser pagados habr\u00edan supuesto privaci\u00f3n de libertad de 90 y 45 d\u00edas respectivamente. Adem\u00e1s, especificaron en su petici\u00f3n, la ejecuci\u00f3n del desahucio tras la sentencia, sin esperar a recurso.<\/p>\n<p style=\"text-align: justify;\"><a href=\"http:\/\/cgtcantabria.org\/wp\/wp-content\/uploads\/2017\/02\/1483636776586e8028282705.54887575original_586e800b52d41_600x297.png\"><img loading=\"lazy\" decoding=\"async\" class=\"aligncenter size-full wp-image-6829\" src=\"http:\/\/cgtcantabria.org\/wp\/wp-content\/uploads\/2017\/02\/1483636776586e8028282705.54887575original_586e800b52d41_600x297.png\" alt=\"1483636776586e8028282705.54887575original_586e800b52d41_600x297\" width=\"600\" height=\"297\" srcset=\"https:\/\/cgtcantabria.org\/wp\/wp-content\/uploads\/2017\/02\/1483636776586e8028282705.54887575original_586e800b52d41_600x297.png 600w, https:\/\/cgtcantabria.org\/wp\/wp-content\/uploads\/2017\/02\/1483636776586e8028282705.54887575original_586e800b52d41_600x297-300x149.png 300w\" sizes=\"auto, (max-width: 600px) 100vw, 600px\" \/><\/a>No obstante, nuestra abogada expuso un alegato brillante que, contando con testimonios de de peso \u00a0y la movilizaci\u00f3n en las puertas del juzgado, ha permitido esta sentencia absolutoria.<\/p>\n<p style=\"text-align: justify;\">Todav\u00eda cabe recurso por parte de BANCO POPULAR y posteriormente, seguir\u00e1 intentando desahuciarnos mediante la v\u00eda civil. Adem\u00e1s, en el mes de <strong>marzo contin\u00faan los juicios <\/strong>por lo penal contra Yanira, Jose y Pepe, \u00a0otras vecinas de la Guevara.<\/p>\n<p style=\"text-align: justify;\">Y nos olvidemos que <strong>tres compa\u00f1eras fueron identificadas<\/strong> en la concentraci\u00f3n en las puertas del juzgado. Estemos atentas.<\/p>\n<p style=\"text-align: justify;\">Pero sin duda, entre todas, hemos logrado una herramienta eficaz de presi\u00f3n a BANCO POPULAR,\u00a0 para arrancar de sus manos especulativas un uso realmente social del inmueble \u00a0de la Corrala La Guevara, poni\u00e9ndola a disposici\u00f3n de sus leg\u00edtimas habitantes. Y una herramienta para otras compa\u00f1eras en la misma situaci\u00f3n, como la Corrala La Suerte, las Luchadoras y muchas m\u00e1s.<\/p>\n<p style=\"text-align: justify;\">El mismo d\u00eda del juicio nos comunicaron la <strong>negativa de BANCO POPULAR ante<\/strong><strong>\u00a0<\/strong><strong>la tibia solicitud de\u00a0mediaci\u00f3n\u00a0de la oficina por el derecho a la vivienda del Ayuntamiento de M\u00e1laga<\/strong>, ante la pasividad y aceptaci\u00f3n de las instituciones, c\u00f3mplices de la impunidad de la BANCA. Esperemos ahora poder hacerles cambiar de opini\u00f3n.<\/p>\n<p style=\"text-align: justify;\">M\u00e1s all\u00e1 del resultado, queremos poner en valor cada muestra de trabajo en red y de sostenimiento y cuidados de las personas. Cada acto de desobediencia, cada intento de hacer frente a este sistema de acumulaci\u00f3n depredadora.<\/p>\n<p style=\"text-align: justify;\">Desde Stop Desahucios M\u00e1laga queremos agradecer a todas las personas y colectivos que est\u00e1n apoyando la campa\u00f1a por el derecho a la vivienda y la amnist\u00eda social #LaGuevaraNOseToca.<\/p>\n<p style=\"text-align: justify;\">Queremos agradecer a CGT Andaluc\u00eda que nos haya brindado la posibilidad de contar con una defensa jur\u00eddica eficaz \u00a0para combatir la indefensi\u00f3n a la que estamos expuestas las prekarias y exclu\u00eddas, y las que intentamos articularnos con otras para visibilizar y luchar contra la acumulaci\u00f3n y su consecuencia, la pobreza.\u00a0 As\u00ed como la asesor\u00eda solidaria del compa\u00f1ero Roberto Lim\u00f3n, del gabinete de abogadas Lex Veritas, de Paqui Pascual de la Pah, de Mart\u00edn Eliseo, de las compa\u00f1eras de Legal Sol, la Federaci\u00f3n de Anarkistas de Gran Canaria y Stop Represi\u00f3n de Granada. As\u00ed como el testimonio determinante de Jose Cos\u00edn y la contundente defensa de Amanda Romero.<\/p>\n<p style=\"text-align: justify;\">Queremos agradecer el calor, acompa\u00f1amientos y apoyos humanos continuos de compa\u00f1eras tan cercanas como Zambra, Baladre, Stop Represi\u00f3n M\u00e1laga, CNT, Frente C\u00edvico\u2026Las compa\u00f1eras 15M Alacant, que han acogido esta lucha como propia, y las de Canarias, que se han sumado masivamente.<\/p>\n<p style=\"text-align: justify;\">Agradecemos la difusi\u00f3n en vuestras redes y a trav\u00e9s de ellas, y deseamos poner en valor \u00a0los medios de comunicaci\u00f3n alternativos que nos dan voz a las silenciadas, como Barricadas de Papel, Voces Alternativas, p\u00e1ginas como la de Zambra y Baladre, etc\u2026<\/p>\n<p style=\"text-align: justify;\">As\u00ed como la participaci\u00f3n de las Pahs\u00a0 y Stop Desahucios de otros territorios, y de todas aqu\u00e9llas que firmais el comunicado de apoyo a la Corrala La Guevara.<\/p>\n<p style=\"text-align: justify;\">La campa\u00f1a contin\u00faa y se intensifica el #BOIKOTBANCOPOPULAR. Os pediremos apoyo y participaci\u00f3n para diferentes acciones:<\/p>\n<ul>\n<li style=\"text-align: justify;\">Concentraci\u00f3n en el pleno de febrero del Ayuntamiente de M\u00e1laga, el jueves 23.<\/li>\n<li style=\"text-align: justify;\">La asamblea que tendr\u00e1 lugar el mi\u00e9rcoles 1 de marzo alrededor \u00a019h en el barrio de la Corrala La Guevara.<\/li>\n<li style=\"text-align: justify;\">Una rueda de prensa en las puertas de Banco Popular, por la ma\u00f1ana, todav\u00eda no fechada.<\/li>\n<li style=\"text-align: justify;\">Acciones en Banco Popular y ante las instituciones.<\/li>\n<li style=\"text-align: left;\">Difusi\u00f3n en redes sociales, y la firma de la petici\u00f3n: <a href=\"https:\/\/secure.avaaz.org\/es\/petition\/Director_Territorial_Andalucia_Banco_Popular_y_Director_General_Aliseda_Paremos_el_desahucio_de_la_Corrala_La_Guevara_Am_1\/?cELgwlb&amp;utm_source=sharetools&amp;utm_medium=copy&amp;utm_campaign=petition-402418-\" data-saferedirecturl=\"https:\/\/www.google.com\/url?hl=es&amp;q=https:\/\/secure.avaaz.org\/es\/petition\/Director_Territorial_Andalucia_Banco_Popular_y_Director_General_Aliseda_Paremos_el_desahucio_de_la_Corrala_La_Guevara_Am_1\/?cELgwlb%26utm_source%3Dsharetools%26utm_medium%3Dcopy%26utm_campaign%3Dpetition-402418-&amp;source=gmail&amp;ust=1487138843079000&amp;usg=AFQjCNFUdzlsuFsb5U-ifoHbWi9Be6ICuQ\">https:\/\/secure.avaaz.org\/es\/petition\/Director_Territorial_Andalucia_Banco_Popular_y_Director_General_Aliseda_Paremos_el_desahucio_de_la_Corrala_La_Guevara_Am_1\/?cELgwlb&amp;utm_source=sharetools&amp;utm_medium=copy&amp;utm_campaign=petition-402418-<\/a><\/li>\n<\/ul>\n","protected":false},"excerpt":{"rendered":"<p>La fiscal\u00eda y el abogado de Banco Popular actuaron implacablemente, y su petici\u00f3n de condena es una de las m\u00e1s duras que hemos sufrido en nuestro entorno en materia de usurpaci\u00f3n. 1800 euros para Leticia y 900 euros para Jaume, &hellip; <a href=\"https:\/\/cgtcantabria.org\/wp\/?p=6828\">Sigue leyendo <span class=\"meta-nav\">&rarr;<\/span><\/a><\/p>\n","protected":false},"author":13,"featured_media":0,"comment_status":"open","ping_status":"open","sticky":false,"template":"","format":"gallery","meta":{"footnotes":""},"categories":[16,37],"tags":[],"class_list":["post-6828","post","type-post","status-publish","format-gallery","hentry","category-accion-social","category-amnistia-social","post_format-post-format-gallery"],"_links":{"self":[{"href":"https:\/\/cgtcantabria.org\/wp\/index.php?rest_route=\/wp\/v2\/posts\/6828","targetHints":{"allow":["GET"]}}],"collection":[{"href":"https:\/\/cgtcantabria.org\/wp\/index.php?rest_route=\/wp\/v2\/posts"}],"about":[{"href":"https:\/\/cgtcantabria.org\/wp\/index.php?rest_route=\/wp\/v2\/types\/post"}],"author":[{"embeddable":true,"href":"https:\/\/cgtcantabria.org\/wp\/index.php?rest_route=\/wp\/v2\/users\/13"}],"replies":[{"embeddable":true,"href":"https:\/\/cgtcantabria.org\/wp\/index.php?rest_route=%2Fwp%2Fv2%2Fcomments&post=6828"}],"version-history":[{"count":2,"href":"https:\/\/cgtcantabria.org\/wp\/index.php?rest_route=\/wp\/v2\/posts\/6828\/revisions"}],"predecessor-version":[{"id":6831,"href":"https:\/\/cgtcantabria.org\/wp\/index.php?rest_route=\/wp\/v2\/posts\/6828\/revisions\/6831"}],"wp:attachment":[{"href":"https:\/\/cgtcantabria.org\/wp\/index.php?rest_route=%2Fwp%2Fv2%2Fmedia&parent=6828"}],"wp:term":[{"taxonomy":"category","embeddable":true,"href":"https:\/\/cgtcantabria.org\/wp\/index.php?rest_route=%2Fwp%2Fv2%2Fcategories&post=6828"},{"taxonomy":"post_tag","embeddable":true,"href":"https:\/\/cgtcantabria.org\/wp\/index.php?rest_route=%2Fwp%2Fv2%2Ftags&post=6828"}],"curies":[{"name":"wp","href":"https:\/\/api.w.org\/{rel}","templated":true}]}}