{"id":6917,"date":"2017-03-02T09:40:55","date_gmt":"2017-03-02T07:40:55","guid":{"rendered":"http:\/\/cgtcantabria.org\/wp\/?p=6917"},"modified":"2017-03-02T09:40:55","modified_gmt":"2017-03-02T07:40:55","slug":"cgt-se-solidariza-con-los-estibadores","status":"publish","type":"post","link":"https:\/\/cgtcantabria.org\/wp\/?p=6917","title":{"rendered":"CGT se solidariza con los estibadores"},"content":{"rendered":"<h2 style=\"text-align: center;\"><span style=\"color: #000000;\"><strong>Vuestra lucha es la nuestra<br \/>\n<\/strong><\/span><span style=\"color: #000000;\"><strong>\u00a1Ni un paso atr\u00e1s!<\/strong><\/span><\/h2>\n<p style=\"text-align: justify;\"><span style=\"color: #000000;\">En nombre de la afiliaci\u00f3n de CGT os queremos hacer llegar, nuestro <strong>apoyo y solidaridad,\u00a0<u>ante la agresi\u00f3n que est\u00e1is sufriendo.<\/u><\/strong><\/span><\/p>\n<p style=\"text-align: justify;\"><span style=\"color: #000000;\">Estamos a vuestro costado, <strong>vuestra lucha es la nuestra, no pod\u00e9is, no podemos perder.<\/strong><\/span><\/p>\n<p style=\"text-align: justify;\"><span style=\"color: #000000;\"><strong><a href=\"http:\/\/cgtcantabria.org\/wp\/wp-content\/uploads\/2017\/03\/imagen-sin-titulo-620x330.jpg\"><img loading=\"lazy\" decoding=\"async\" class=\"aligncenter size-full wp-image-6918\" src=\"http:\/\/cgtcantabria.org\/wp\/wp-content\/uploads\/2017\/03\/imagen-sin-titulo-620x330.jpg\" alt=\"imagen-sin-titulo-620x330\" width=\"620\" height=\"330\" srcset=\"https:\/\/cgtcantabria.org\/wp\/wp-content\/uploads\/2017\/03\/imagen-sin-titulo-620x330.jpg 620w, https:\/\/cgtcantabria.org\/wp\/wp-content\/uploads\/2017\/03\/imagen-sin-titulo-620x330-300x160.jpg 300w\" sizes=\"auto, (max-width: 620px) 100vw, 620px\" \/><\/a>Denunciamos la actuaci\u00f3n del Gobierno Espa\u00f1ol,<\/strong> servil y sumiso a los poderes econ\u00f3micos, mientras utiliza la vara contra las personas trabajadoras.<\/span><\/p>\n<p style=\"text-align: justify;\"><span style=\"color: #000000;\"><strong>Denunciamos tambi\u00e9n las actuaciones incendiarias<\/strong> llevadas a cabo por este mismo gobierno, <strong>imponiendo un Real Decreto<\/strong>, que parece destinado a encender el polvor\u00edn en los puertos, en lugar de buscar una soluci\u00f3n negociada que d\u00e9 satisfacci\u00f3n a las partes.<\/span><\/p>\n<p style=\"text-align: justify;\"><span style=\"color: #000000;\">Denunciamos <strong>la irresponsabilidad de un gobierno y de una parte de la patronal<\/strong>, que esta<strong>dispuesta a infringir graves da\u00f1os a nuestra econom\u00eda, solo para satisfacer la avaricia<\/strong> de fondos de riesgo y afines.<\/span><\/p>\n<p style=\"text-align: justify;\"><span style=\"color: #000000;\"><strong>Denunciamos la prepotencia provocadora<\/strong> de esas mismas autoridades, que sin que haya ninguna necesidad, llevan a cabo una<strong>enorme despliegue policial en los puertos,<\/strong> contribuyendo a lo contrario que aconseja el clima existente entre los y las trabajadoras portuarias.<\/span><\/p>\n<p style=\"text-align: justify;\"><span style=\"color: #000000;\"><strong>Denunciamos la chuler\u00eda de una patronal que pide la presencia del ej\u00e9rcito <\/strong>en caso de que finalmente se ejercite <strong><u>el derecho constitucional a la huelga,<\/u><\/strong> demostrando <strong>su escaso talante democr\u00e1tico y la falta de respeto<\/strong> a los estibadores en concreto,y a las personas trabajadoras en general.<\/span><\/p>\n<p style=\"text-align: justify;\"><span style=\"color: #000000;\">La pr\u00f3xima semana, CGT se re\u00fane para tratar diversos temas del sector, con representantes de los Grupos<strong> Parlamentarios del PSOE y de UNIDOS-PODEMOS<\/strong>, y <strong><u>les trasladaremos nuestra inquietud ante la situaci\u00f3n que se esta viviendo y la solidaridad hacia las Estibadoras y Estibadores<\/u><\/strong>, as\u00ed como la oposici\u00f3n a las actuaciones tomadas y concretamente al Real Decreto impuesto.<\/span><\/p>\n<p style=\"text-align: justify;\"><span style=\"color: #000000;\">Por \u00faltimo es de lamentar <strong><u>la nula sensibilidad demostrada hacia vuestro colectivo y a las miles de familias<\/u><\/strong> que se podr\u00edan ver damnificadas en caso de que se salieran con la suya.<\/span><\/p>\n<p style=\"text-align: justify;\"><span style=\"color: #000000;\">Pero no lo har\u00e1n, porque la raz\u00f3n est\u00e1 de vuestro lado, y nosotras a vuestro costado. \u00a1<strong>Ni un paso atr\u00e1s!<\/strong><\/span><\/p>\n<p style=\"text-align: right;\"><span style=\"color: #000000;\"><em>Valencia a 28 de febrero de 2017<\/em><\/span><\/p>\n<p style=\"text-align: right;\"><span style=\"color: #000000;\"><strong><em>Enric Tarrida Martinez<br \/>\n<\/em><\/strong><\/span><span style=\"color: #000000;\"><strong><em>Secretario General del Sector Mar y Puertos \u2013 CGT<\/em><\/strong><\/span><\/p>\n","protected":false},"excerpt":{"rendered":"<p>Vuestra lucha es la nuestra \u00a1Ni un paso atr\u00e1s! En nombre de la afiliaci\u00f3n de CGT os queremos hacer llegar, nuestro apoyo y solidaridad,\u00a0ante la agresi\u00f3n que est\u00e1is sufriendo. Estamos a vuestro costado, vuestra lucha es la nuestra, no pod\u00e9is, &hellip; <a href=\"https:\/\/cgtcantabria.org\/wp\/?p=6917\">Sigue leyendo <span class=\"meta-nav\">&rarr;<\/span><\/a><\/p>\n","protected":false},"author":13,"featured_media":0,"comment_status":"open","ping_status":"open","sticky":false,"template":"","format":"gallery","meta":{"footnotes":""},"categories":[15,29],"tags":[],"class_list":["post-6917","post","type-post","status-publish","format-gallery","hentry","category-accion-sindical","category-huelga","post_format-post-format-gallery"],"_links":{"self":[{"href":"https:\/\/cgtcantabria.org\/wp\/index.php?rest_route=\/wp\/v2\/posts\/6917","targetHints":{"allow":["GET"]}}],"collection":[{"href":"https:\/\/cgtcantabria.org\/wp\/index.php?rest_route=\/wp\/v2\/posts"}],"about":[{"href":"https:\/\/cgtcantabria.org\/wp\/index.php?rest_route=\/wp\/v2\/types\/post"}],"author":[{"embeddable":true,"href":"https:\/\/cgtcantabria.org\/wp\/index.php?rest_route=\/wp\/v2\/users\/13"}],"replies":[{"embeddable":true,"href":"https:\/\/cgtcantabria.org\/wp\/index.php?rest_route=%2Fwp%2Fv2%2Fcomments&post=6917"}],"version-history":[{"count":1,"href":"https:\/\/cgtcantabria.org\/wp\/index.php?rest_route=\/wp\/v2\/posts\/6917\/revisions"}],"predecessor-version":[{"id":6919,"href":"https:\/\/cgtcantabria.org\/wp\/index.php?rest_route=\/wp\/v2\/posts\/6917\/revisions\/6919"}],"wp:attachment":[{"href":"https:\/\/cgtcantabria.org\/wp\/index.php?rest_route=%2Fwp%2Fv2%2Fmedia&parent=6917"}],"wp:term":[{"taxonomy":"category","embeddable":true,"href":"https:\/\/cgtcantabria.org\/wp\/index.php?rest_route=%2Fwp%2Fv2%2Fcategories&post=6917"},{"taxonomy":"post_tag","embeddable":true,"href":"https:\/\/cgtcantabria.org\/wp\/index.php?rest_route=%2Fwp%2Fv2%2Ftags&post=6917"}],"curies":[{"name":"wp","href":"https:\/\/api.w.org\/{rel}","templated":true}]}}