{"id":6931,"date":"2017-03-03T14:26:06","date_gmt":"2017-03-03T12:26:06","guid":{"rendered":"http:\/\/cgtcantabria.org\/wp\/?p=6931"},"modified":"2017-03-03T09:27:10","modified_gmt":"2017-03-03T07:27:10","slug":"cgt-apoya-la-movilizacion-paro-internacional-de-mujeres-convocado-a-nivel-mundial-para-el-8-de-marzo","status":"publish","type":"post","link":"https:\/\/cgtcantabria.org\/wp\/?p=6931","title":{"rendered":"CGT APOYA LA MOVILIZACI\u00d3N \u201cPARO INTERNACIONAL DE MUJERES\u201d CONVOCADO A NIVEL MUNDIAL PARA EL 8 DE MARZO."},"content":{"rendered":"<p style=\"text-align: justify;\"><a href=\"http:\/\/cgtcantabria.org\/wp\/wp-content\/uploads\/2017\/03\/589896f6783f2_800x517.jpg\"><img loading=\"lazy\" decoding=\"async\" class=\"wp-image-6932 alignleft\" src=\"http:\/\/cgtcantabria.org\/wp\/wp-content\/uploads\/2017\/03\/589896f6783f2_800x517.jpg\" alt=\"589896f6783f2_800x517\" width=\"315\" height=\"204\" srcset=\"https:\/\/cgtcantabria.org\/wp\/wp-content\/uploads\/2017\/03\/589896f6783f2_800x517.jpg 800w, https:\/\/cgtcantabria.org\/wp\/wp-content\/uploads\/2017\/03\/589896f6783f2_800x517-300x194.jpg 300w, https:\/\/cgtcantabria.org\/wp\/wp-content\/uploads\/2017\/03\/589896f6783f2_800x517-768x496.jpg 768w\" sizes=\"auto, (max-width: 315px) 100vw, 315px\" \/><\/a>Desde el SP del Comit\u00e9 Confederal de la CGT, manifestamos p\u00fablicamente nuestro apoyo y solidaridad a la movilizaci\u00f3n \u201cParo Internacional de mujeres\u201d para el 8 de marzo, D\u00eda Internacional de la Mujer Trabajadora que se est\u00e1 organizando en diferentes pa\u00edses, bajo el lema com\u00fan \u201cLa Solidaridad es nuestra arma\u201d. Apoyamos y animamos a secundar el paro internacional feminista en los empleos, cuidados y consumo durante el 8 de marzo.<\/p>\n<p>Compartimos la esencia de los objetivos de esta movilizaci\u00f3n internacional, como son:<\/p>\n<ul>\n<li style=\"text-align: justify;\">Exigir la puesta en marcha y desarrollo de medidas concretas y efectivas contra las violencias machistas.<\/li>\n<li style=\"text-align: justify;\">La mejora de las condiciones laborales de las mujeres y el fin de la desigualdad laboral mediante la consecuci\u00f3n de la supresi\u00f3n de la brecha salarial, la desigualdad en las pensiones y en la promoci\u00f3n profesional.<\/li>\n<li style=\"text-align: justify;\">La efectividad real y promoci\u00f3n de la conciliaci\u00f3n de la vida familiar y personal.<\/li>\n<li style=\"text-align: justify;\">El cese de la discriminaci\u00f3n en el acceso al empleo y la disminuci\u00f3n de la tasa de paro de mujeres.<\/li>\n<li style=\"text-align: justify;\">La erradicaci\u00f3n de las situaciones de acoso sexual en el \u00e1mbito laboral, la precariedad laboral, temporalidad y la alta tasa de contratos con jornadas parciales y de corta duraci\u00f3n.<\/li>\n<\/ul>\n<p style=\"text-align: justify;\">As\u00ed mismo, desde este SP hacemos un llamamiento y animamos a toda la organizaci\u00f3n a participar masivamente en las movilizaciones (concentraciones, performance, manifestaciones, debates\u2026), que para estos d\u00edas tenemos convocadas como CGT y con otros colectivos feministas en las diferentes ciudades y territorios.<\/p>\n<h2 style=\"text-align: center;\">\u00a1Bailemos juntas nuestra revoluci\u00f3n!<\/h2>\n","protected":false},"excerpt":{"rendered":"<p>Desde el SP del Comit\u00e9 Confederal de la CGT, manifestamos p\u00fablicamente nuestro apoyo y solidaridad a la movilizaci\u00f3n \u201cParo Internacional de mujeres\u201d para el 8 de marzo, D\u00eda Internacional de la Mujer Trabajadora que se est\u00e1 organizando en diferentes pa\u00edses, &hellip; <a href=\"https:\/\/cgtcantabria.org\/wp\/?p=6931\">Sigue leyendo <span class=\"meta-nav\">&rarr;<\/span><\/a><\/p>\n","protected":false},"author":13,"featured_media":0,"comment_status":"open","ping_status":"open","sticky":false,"template":"","format":"gallery","meta":{"footnotes":""},"categories":[17],"tags":[],"class_list":["post-6931","post","type-post","status-publish","format-gallery","hentry","category-mujer","post_format-post-format-gallery"],"_links":{"self":[{"href":"https:\/\/cgtcantabria.org\/wp\/index.php?rest_route=\/wp\/v2\/posts\/6931","targetHints":{"allow":["GET"]}}],"collection":[{"href":"https:\/\/cgtcantabria.org\/wp\/index.php?rest_route=\/wp\/v2\/posts"}],"about":[{"href":"https:\/\/cgtcantabria.org\/wp\/index.php?rest_route=\/wp\/v2\/types\/post"}],"author":[{"embeddable":true,"href":"https:\/\/cgtcantabria.org\/wp\/index.php?rest_route=\/wp\/v2\/users\/13"}],"replies":[{"embeddable":true,"href":"https:\/\/cgtcantabria.org\/wp\/index.php?rest_route=%2Fwp%2Fv2%2Fcomments&post=6931"}],"version-history":[{"count":2,"href":"https:\/\/cgtcantabria.org\/wp\/index.php?rest_route=\/wp\/v2\/posts\/6931\/revisions"}],"predecessor-version":[{"id":6934,"href":"https:\/\/cgtcantabria.org\/wp\/index.php?rest_route=\/wp\/v2\/posts\/6931\/revisions\/6934"}],"wp:attachment":[{"href":"https:\/\/cgtcantabria.org\/wp\/index.php?rest_route=%2Fwp%2Fv2%2Fmedia&parent=6931"}],"wp:term":[{"taxonomy":"category","embeddable":true,"href":"https:\/\/cgtcantabria.org\/wp\/index.php?rest_route=%2Fwp%2Fv2%2Fcategories&post=6931"},{"taxonomy":"post_tag","embeddable":true,"href":"https:\/\/cgtcantabria.org\/wp\/index.php?rest_route=%2Fwp%2Fv2%2Ftags&post=6931"}],"curies":[{"name":"wp","href":"https:\/\/api.w.org\/{rel}","templated":true}]}}