{"id":7165,"date":"2017-04-14T09:43:08","date_gmt":"2017-04-14T07:43:08","guid":{"rendered":"http:\/\/cgtcantabria.org\/wp\/?p=7165"},"modified":"2017-04-11T09:47:09","modified_gmt":"2017-04-11T07:47:09","slug":"escuela-libertaria-de-cgt-ruesta-2017","status":"publish","type":"post","link":"https:\/\/cgtcantabria.org\/wp\/?p=7165","title":{"rendered":"Escuela Libertaria de CGT Ruesta 2017"},"content":{"rendered":"<p style=\"text-align: justify;\"><strong>Del 29 de junio al 2 de julio del 2017<\/strong><\/p>\n<p style=\"text-align: justify;\"><strong>Un a\u00f1o m\u00e1s la CGT abre su Escuela Libertaria de Verano un espacio de encuentro y discusi\u00f3n, de aprendizaje y esparcimiento, en el que todas podamos aportar nuestras experiencias y saberes para enriquecernos mutuamente.<\/strong><\/p>\n<p style=\"text-align: justify;\"><a href=\"http:\/\/cgtcantabria.org\/wp\/wp-content\/uploads\/2017\/04\/xb32dc88e1fb78b9153fbaeb768c1ca1a-567x802.png.pagespeed.ic_.TPf3KStZB8.png\"><img loading=\"lazy\" decoding=\"async\" class=\"size-medium wp-image-7166 alignleft\" src=\"http:\/\/cgtcantabria.org\/wp\/wp-content\/uploads\/2017\/04\/xb32dc88e1fb78b9153fbaeb768c1ca1a-567x802.png.pagespeed.ic_.TPf3KStZB8-212x300.png\" alt=\"\" width=\"212\" height=\"300\" srcset=\"https:\/\/cgtcantabria.org\/wp\/wp-content\/uploads\/2017\/04\/xb32dc88e1fb78b9153fbaeb768c1ca1a-567x802.png.pagespeed.ic_.TPf3KStZB8-212x300.png 212w, https:\/\/cgtcantabria.org\/wp\/wp-content\/uploads\/2017\/04\/xb32dc88e1fb78b9153fbaeb768c1ca1a-567x802.png.pagespeed.ic_.TPf3KStZB8.png 567w\" sizes=\"auto, (max-width: 212px) 100vw, 212px\" \/><\/a>Este a\u00f1o, entre el 29 de Junio \u00a0y el 2 de julio, nos encontraremos en Ruesta bajo el lema:<\/p>\n<p style=\"text-align: justify;\"><strong>Servicios P\u00fablicos, Transnacionales, Paro y Precariedad.<\/strong><\/p>\n<p style=\"text-align: justify;\">En los \u00faltimos a\u00f1os, estamos asistiendo a la aceleraci\u00f3n del ataque de la globalizaci\u00f3n capitalista que, a trav\u00e9s de las Transnacionales, realiza sobre los servicios p\u00fablicos susceptibles de general beneficios. El saqueo de los bienes comunes, provoca exclusi\u00f3n, paro y precariedad, condenando al 90% de la poblaci\u00f3n a la pobreza.<\/p>\n<p style=\"text-align: justify;\">Ante esta situaci\u00f3n este a\u00f1o la Escuela Libertaria de CGT, a trav\u00e9s de cuatro talleres, vamos a reflexionar y\u00a0 debatir cuales deben ser las respuestas de CGT, las alternativas y estrategias de lucha a esta problem\u00e1tica.<\/p>\n<p><strong>\u00bfC\u00f3mo nos organizamos?<\/strong><\/p>\n<p><strong>Este puede ser un primer esquema organizativo del d\u00eda:<\/strong><\/p>\n<ul>\n<li>09 a 10h: Desayuno (incluye organizar el cuarto, ducha,&#8230;)<\/li>\n<li>10 a 14h: Talleres<\/li>\n<li>14 a 18h: Comida, siesta y dem\u00e1s actividades que no requieren pensamiento<\/li>\n<li>18 a 21h: Talleres\n<ul>\n<li>21 a 22h: Cena<\/li>\n<li>22:30h: Actividades culturales<\/li>\n<\/ul>\n<\/li>\n<\/ul>\n<p><strong>Por <\/strong><strong>d\u00edas<\/strong><strong> el <\/strong><strong>horario<\/strong><strong> ser\u00e1:<\/strong><\/p>\n<ul>\n<li>Jueves. Iremos llegando y deshaciendo equipajes\n<ul>\n<li>18:00 h. Asamblea para organizarnos<\/li>\n<li>21:00 h. Cena<\/li>\n<li>22:00 h. Cine F\u00f3rum: Tambi\u00e9n la Lluvia (Itziar Bollar\u00edn), sobre la situaci\u00f3n de la expropiaci\u00f3n del Agua y su gesti\u00f3n.<\/li>\n<li><strong>Viernes<\/strong>. Comenzamos las tareas de la Escuela\n<ul>\n<li>09:00 h. Desayuno<\/li>\n<li>10:00 h. Servicios P\u00fablicos como Servicios Esenciales<\/li>\n<li>14:00 h. Comida y descanso<\/li>\n<li>18:00 h. Autogesti\u00f3n y Autoorganizaci\u00f3n (Paro y Precariedad), Las Kellys y el Proyecto AU.<\/li>\n<li>21:00 h. Cena y 22:30 h. Documental: (A falta de concretar)<\/li>\n<li><strong>S\u00e1bado<\/strong>. Seguimos con las tareas de la Escuela\n<ul>\n<li>09:00 h. Desayuno<\/li>\n<li>10:00 h. Transnacionales, ataque a la soberan\u00eda y\u00a0 los Bienes Comunes<\/li>\n<li>14:00 h. Comida y descanso<\/li>\n<li>18:00 h. La defensa de la Sanidad como derecho fundamental<\/li>\n<li>21:00 h. Cena<\/li>\n<li>22:30 h. Concierto: (Falta concretar)<\/li>\n<\/ul>\n<\/li>\n<li><strong>Domingo<\/strong>. Conclusiones y despedida\n<ul>\n<li>09:00 h. Desayuno<\/li>\n<li>10:00 h. Asamblea final: conclusiones<\/li>\n<li>Despedida<\/li>\n<\/ul>\n<\/li>\n<\/ul>\n<\/li>\n<\/ul>\n<\/li>\n<\/ul>\n<p><strong>Datos pr\u00e1cticos:<\/strong><\/p>\n<ul>\n<li><strong>Como llegar<\/strong><\/li>\n<\/ul>\n<p style=\"text-align: justify;\">Ruesta es un pueblo cedido en 1998 a la CGT por la Confederaci\u00f3n Hidrogr\u00e1fica del Ebro. Est\u00e1 situado junto al embalse de Yesa. Por all\u00ed pasa el camino de Santiago (antigua ruta rom\u00e1nica). En coche, se puede llegar desde Jaca, Iru\u00f1a o SOS del Rey Cat\u00f3lico. El transporte p\u00fablico escaso: una l\u00ednea Jaca-Iru\u00f1ea te deja a unos 12 Km. de Ruesta (podemos organizar tu recogida).<\/p>\n<p>Consulta la Web: <a href=\"http:\/\/ruesta.com\/\">http:\/\/ruesta.com\/<\/a><\/p>\n<p>M\u00e1s info: <a href=\"https:\/\/www.facebook.com\/profile.php?id=100009052968885&amp;fref=ts\">https:\/\/www.facebook.com\/profile.php?id=100009052968885&amp;fref=ts<\/a><\/p>\n<ul>\n<li><strong>Cosas a <\/strong><strong>llevar<\/strong><\/li>\n<\/ul>\n<p style=\"text-align: justify;\">Recuerda que Ruesta est\u00e1 en el Prepirineo, vamos, que a la noche refresca. Llevad linterna, las cosas de aseo,\u2026 y todo lo que necesites para pasar unos d\u00edas en la Naturaleza. Imprescindible llevar el\u00a0<strong>saco de dormir<\/strong>, aunque si lo prefieres puedes llevar tus sabanas.<strong>\u00a0<\/strong><\/p>\n<ul style=\"text-align: justify;\">\n<li><strong>Alojamiento<\/strong><\/li>\n<\/ul>\n<p style=\"text-align: justify;\">Las comidas ser\u00e1n en el Albergue, con un sal\u00f3n comedor y espacios para estar. Hay disponible 46 plazas de albergue y 20 en colchonetas que se usar\u00e1n si se ocupan todas las plazas del albergue en la casa de La Cultura. Las reservas se confirmar\u00e1n por orden de llegada.<\/p>\n<ul>\n<li><strong>Comidas<\/strong><\/li>\n<\/ul>\n<p style=\"text-align: justify;\">Las comidas (desayuno, comida y cena) se har\u00e1n en el albergue y corren de tu cuenta. Se os entregar\u00e1n los bonos de las comidas, al llegar, teniendo que abonarlos en el momento.<\/p>\n<ul style=\"text-align: justify;\">\n<li><strong>Inscripci\u00f3n<\/strong><\/li>\n<\/ul>\n<p style=\"text-align: justify;\">Solicita la hoja de inscripci\u00f3n en tu sindicato o\u00a0 <a href=\"mailto:sp-a.social@cgt.org.es\">sp-a.social@cgt.org.es<\/a><\/p>\n<p style=\"text-align: justify;\">Env\u00eda rellena la hoja de inscripci\u00f3n a: <a href=\"mailto:escuelalibertaria@cgt.org.es\">escuelalibertaria@cgt.org.es<\/a><\/p>\n<p style=\"text-align: justify;\">Cualquier observaci\u00f3n sobre dietas u otras necesidades que tengas nos la puedes explicar en la hoja de inscripci\u00f3n.<\/p>\n<ul style=\"text-align: justify;\">\n<li><strong>Escuela infantil<\/strong><\/li>\n<\/ul>\n<p style=\"text-align: justify;\">Si ven\u00eds con ni\u00f1@s peque\u00f1@s, dinos cu\u00e1ntos son y los a\u00f1os que tienen para que podamos auto-organizarnos en su cuidado y as\u00ed pod\u00e1is disfrutar de los talleres.<\/p>\n","protected":false},"excerpt":{"rendered":"<p>Del 29 de junio al 2 de julio del 2017 Un a\u00f1o m\u00e1s la CGT abre su Escuela Libertaria de Verano un espacio de encuentro y discusi\u00f3n, de aprendizaje y esparcimiento, en el que todas podamos aportar nuestras experiencias y &hellip; <a href=\"https:\/\/cgtcantabria.org\/wp\/?p=7165\">Sigue leyendo <span class=\"meta-nav\">&rarr;<\/span><\/a><\/p>\n","protected":false},"author":19,"featured_media":0,"comment_status":"open","ping_status":"open","sticky":false,"template":"","format":"gallery","meta":{"footnotes":""},"categories":[15,16],"tags":[],"class_list":["post-7165","post","type-post","status-publish","format-gallery","hentry","category-accion-sindical","category-accion-social","post_format-post-format-gallery"],"_links":{"self":[{"href":"https:\/\/cgtcantabria.org\/wp\/index.php?rest_route=\/wp\/v2\/posts\/7165","targetHints":{"allow":["GET"]}}],"collection":[{"href":"https:\/\/cgtcantabria.org\/wp\/index.php?rest_route=\/wp\/v2\/posts"}],"about":[{"href":"https:\/\/cgtcantabria.org\/wp\/index.php?rest_route=\/wp\/v2\/types\/post"}],"author":[{"embeddable":true,"href":"https:\/\/cgtcantabria.org\/wp\/index.php?rest_route=\/wp\/v2\/users\/19"}],"replies":[{"embeddable":true,"href":"https:\/\/cgtcantabria.org\/wp\/index.php?rest_route=%2Fwp%2Fv2%2Fcomments&post=7165"}],"version-history":[{"count":2,"href":"https:\/\/cgtcantabria.org\/wp\/index.php?rest_route=\/wp\/v2\/posts\/7165\/revisions"}],"predecessor-version":[{"id":7168,"href":"https:\/\/cgtcantabria.org\/wp\/index.php?rest_route=\/wp\/v2\/posts\/7165\/revisions\/7168"}],"wp:attachment":[{"href":"https:\/\/cgtcantabria.org\/wp\/index.php?rest_route=%2Fwp%2Fv2%2Fmedia&parent=7165"}],"wp:term":[{"taxonomy":"category","embeddable":true,"href":"https:\/\/cgtcantabria.org\/wp\/index.php?rest_route=%2Fwp%2Fv2%2Fcategories&post=7165"},{"taxonomy":"post_tag","embeddable":true,"href":"https:\/\/cgtcantabria.org\/wp\/index.php?rest_route=%2Fwp%2Fv2%2Ftags&post=7165"}],"curies":[{"name":"wp","href":"https:\/\/api.w.org\/{rel}","templated":true}]}}