{"id":7428,"date":"2017-06-06T08:30:15","date_gmt":"2017-06-06T06:30:15","guid":{"rendered":"http:\/\/cgtcantabria.org\/wp\/?p=7428"},"modified":"2017-06-05T14:32:53","modified_gmt":"2017-06-05T12:32:53","slug":"miles-de-personas-se-manifiestan-contra-el-ceta-en-madrid","status":"publish","type":"post","link":"https:\/\/cgtcantabria.org\/wp\/?p=7428","title":{"rendered":"Miles de personas se manifiestan contra el CETA en Madrid"},"content":{"rendered":"<p style=\"text-align: justify;\"><strong>Las manifestantes tambi\u00e9n han exigido a las diputadas y diputados que defiendan los derechos de la ciudadan\u00eda a la que representan.<\/strong><\/p>\n<p style=\"text-align: justify;\"><a href=\"http:\/\/cgtcantabria.org\/wp\/wp-content\/uploads\/2017\/06\/descarga-2.jpg\"><img loading=\"lazy\" decoding=\"async\" class=\"size-medium wp-image-7429 alignleft\" src=\"http:\/\/cgtcantabria.org\/wp\/wp-content\/uploads\/2017\/06\/descarga-2-300x168.jpg\" alt=\"\" width=\"300\" height=\"168\" \/><\/a>Bajo el lema \u201cLa Democracia y los Servicios P\u00fablicos no se venden, se defienden\u201d, miles de ciudadanas han salido a la calle este s\u00e1bado en Madrid para manifestarse contra el tratado de libre comercio entre Canad\u00e1 y Europa, CETA, y para exigir a las diputadas y diputados que defiendan los derechos y los intereses de la poblaci\u00f3n a la que dicen representar.<\/p>\n<p style=\"text-align: justify;\">El CETA fue aprobado el pasado 15 de febrero de 2017 en el Parlamento europeo y ahora solo queda su ratificaci\u00f3n en los diferentes parlamentos nacionales para su entrada en vigor. Este tratado de comercio e inversiones es muy similar al TTIP y va a modificar todos los aspectos de la vida cotidiana de las personas.<\/p>\n<p style=\"text-align: justify;\">Desde la campa\u00f1a NO AL TTIP, conformada por m\u00e1s de 400 colectivos y organizaciones entre las que se encuentra la Confederaci\u00f3n General del Trabajo (CGT), advierten de los peligros que conllevar\u00eda la entrada en vigor de este tratado: \u201cnuestro planeta, nuestras ciudades y pueblos, y todas las personas estar\u00e1n sujetas a lo que se establezca en estos acuerdos que dar\u00e1n un gran poder a las empresas transnacionales por encima de la propia soberan\u00eda de los Estados\u201d.<\/p>\n<p style=\"text-align: justify;\">Desde CGT consideran que la \u00fanica manera de frenar la ratificaci\u00f3n del CETA es estando en la calle, junto con las dem\u00e1s organizaciones que rechazan estos tratados, y presionando a los partidos pol\u00edticos y al resto de representantes de la ciudadan\u00eda para que voten en contra de su aprobaci\u00f3n las pr\u00f3ximas semanas.<\/p>\n<p style=\"text-align: justify;\">Irene de la Cuerda, Secretaria de Acci\u00f3n Social de CGT, ha recordado que la ciudadan\u00eda tiene que plantarse en la calle y rechazar estos tratados neoliberales, que cuentan con el apoyo de PP, PSOE y C&#8217;s, porque suponen un ataque a los derechos sociales y laborales de todas.<\/p>\n<p>Macarena Amores Garc\u00eda<\/p>\n<p>Gabinete de prensa del Comit\u00e9 Confederal de la CGT<\/p>\n<p>&nbsp;<\/p>\n","protected":false},"excerpt":{"rendered":"<p>Las manifestantes tambi\u00e9n han exigido a las diputadas y diputados que defiendan los derechos de la ciudadan\u00eda a la que representan. Bajo el lema \u201cLa Democracia y los Servicios P\u00fablicos no se venden, se defienden\u201d, miles de ciudadanas han salido &hellip; <a href=\"https:\/\/cgtcantabria.org\/wp\/?p=7428\">Sigue leyendo <span class=\"meta-nav\">&rarr;<\/span><\/a><\/p>\n","protected":false},"author":19,"featured_media":0,"comment_status":"open","ping_status":"open","sticky":false,"template":"","format":"gallery","meta":{"footnotes":""},"categories":[16,38],"tags":[],"class_list":["post-7428","post","type-post","status-publish","format-gallery","hentry","category-accion-social","category-ttip","post_format-post-format-gallery"],"_links":{"self":[{"href":"https:\/\/cgtcantabria.org\/wp\/index.php?rest_route=\/wp\/v2\/posts\/7428","targetHints":{"allow":["GET"]}}],"collection":[{"href":"https:\/\/cgtcantabria.org\/wp\/index.php?rest_route=\/wp\/v2\/posts"}],"about":[{"href":"https:\/\/cgtcantabria.org\/wp\/index.php?rest_route=\/wp\/v2\/types\/post"}],"author":[{"embeddable":true,"href":"https:\/\/cgtcantabria.org\/wp\/index.php?rest_route=\/wp\/v2\/users\/19"}],"replies":[{"embeddable":true,"href":"https:\/\/cgtcantabria.org\/wp\/index.php?rest_route=%2Fwp%2Fv2%2Fcomments&post=7428"}],"version-history":[{"count":1,"href":"https:\/\/cgtcantabria.org\/wp\/index.php?rest_route=\/wp\/v2\/posts\/7428\/revisions"}],"predecessor-version":[{"id":7430,"href":"https:\/\/cgtcantabria.org\/wp\/index.php?rest_route=\/wp\/v2\/posts\/7428\/revisions\/7430"}],"wp:attachment":[{"href":"https:\/\/cgtcantabria.org\/wp\/index.php?rest_route=%2Fwp%2Fv2%2Fmedia&parent=7428"}],"wp:term":[{"taxonomy":"category","embeddable":true,"href":"https:\/\/cgtcantabria.org\/wp\/index.php?rest_route=%2Fwp%2Fv2%2Fcategories&post=7428"},{"taxonomy":"post_tag","embeddable":true,"href":"https:\/\/cgtcantabria.org\/wp\/index.php?rest_route=%2Fwp%2Fv2%2Ftags&post=7428"}],"curies":[{"name":"wp","href":"https:\/\/api.w.org\/{rel}","templated":true}]}}