{"id":821,"date":"2012-07-12T09:23:23","date_gmt":"2012-07-12T08:23:23","guid":{"rendered":"http:\/\/cgtcantabria.org\/wp\/?p=821"},"modified":"2012-07-12T09:23:23","modified_gmt":"2012-07-12T08:23:23","slug":"23-j-masiva-manifestacion-ferroviaria-en-madrid","status":"publish","type":"post","link":"https:\/\/cgtcantabria.org\/wp\/?p=821","title":{"rendered":"23-J MASIVA MANIFESTACI\u00d3N FERROVIARIA EN MADRID"},"content":{"rendered":"<p>Manifiesto 23-J<\/p>\n<p>EL FERROCARRIL ES DE TODOS Y TODAS \u00a1\u00a1\u00a1NO A LA PRIVATIZACI\u00d3N!!!<\/p>\n<p>\u201cMe han contado que en Ohio,<br \/>\na comienzos del siglo,<br \/>\nviv\u00eda en Bidwell una mujer,<br \/>\nMary McCoy, viuda de un guardav\u00eda<br \/>\nllamado Mike McCoy, en plena miseria.<\/p>\n<p>Pero cada noche,<br \/>\ndesde los trenes ensordecedores de la Wheeling Railroad,<br \/>\nlos guardafrenos arrojaban un trozo de carb\u00f3n<br \/>\npor encima de la tapia del huerto de patatas<br \/>\ngritando al pasar con voz ronca:<br \/>\n\u00ab\u00a1Para Mike!\u00bb<\/p>\n<p>Y cada noche, cuando el trozo de carb\u00f3n para Mike<br \/>\ngolpeaba en la pared posterior de la chabola,<br \/>\nla vieja se levantaba, se pon\u00eda,<br \/>\nso\u00f1olienta, la falda, y guardaba el trozo de carb\u00f3n,<br \/>\nregalo de los guardafrenos a Mike, muerto<br \/>\npero no olvidado\u201d<\/p>\n<p>Bertolt Brecht. \u2018Carb\u00f3n para Mike\u2019.<\/p>\n<p><a href=\"http:\/\/cgtcantabria.org\/wp\/wp-content\/uploads\/2012\/07\/IMG00716-20120623-1149.jpg\"><img loading=\"lazy\" decoding=\"async\" class=\"alignnone size-large wp-image-822\" title=\"IMG00716-20120623-1149\" src=\"http:\/\/cgtcantabria.org\/wp\/wp-content\/uploads\/2012\/07\/IMG00716-20120623-1149-1024x768.jpg\" alt=\"\" width=\"640\" height=\"480\" srcset=\"https:\/\/cgtcantabria.org\/wp\/wp-content\/uploads\/2012\/07\/IMG00716-20120623-1149-1024x768.jpg 1024w, https:\/\/cgtcantabria.org\/wp\/wp-content\/uploads\/2012\/07\/IMG00716-20120623-1149-300x224.jpg 300w, https:\/\/cgtcantabria.org\/wp\/wp-content\/uploads\/2012\/07\/IMG00716-20120623-1149.jpg 1072w\" sizes=\"auto, (max-width: 640px) 100vw, 640px\" \/><\/a><a href=\"http:\/\/cgtcantabria.org\/wp\/wp-content\/uploads\/2012\/07\/IMG00717-20120623-1149.jpg\"><img loading=\"lazy\" decoding=\"async\" class=\"alignnone size-large wp-image-823\" title=\"IMG00717-20120623-1149\" src=\"http:\/\/cgtcantabria.org\/wp\/wp-content\/uploads\/2012\/07\/IMG00717-20120623-1149-1024x768.jpg\" alt=\"\" width=\"640\" height=\"480\" srcset=\"https:\/\/cgtcantabria.org\/wp\/wp-content\/uploads\/2012\/07\/IMG00717-20120623-1149-1024x768.jpg 1024w, https:\/\/cgtcantabria.org\/wp\/wp-content\/uploads\/2012\/07\/IMG00717-20120623-1149-300x225.jpg 300w, https:\/\/cgtcantabria.org\/wp\/wp-content\/uploads\/2012\/07\/IMG00717-20120623-1149.jpg 1600w\" sizes=\"auto, (max-width: 640px) 100vw, 640px\" \/><\/a><a href=\"http:\/\/cgtcantabria.org\/wp\/wp-content\/uploads\/2012\/07\/IMG00718-20120623-1152.jpg\"><img loading=\"lazy\" decoding=\"async\" class=\"alignnone size-large wp-image-824\" title=\"IMG00718-20120623-1152\" src=\"http:\/\/cgtcantabria.org\/wp\/wp-content\/uploads\/2012\/07\/IMG00718-20120623-1152-1024x768.jpg\" alt=\"\" width=\"640\" height=\"480\" srcset=\"https:\/\/cgtcantabria.org\/wp\/wp-content\/uploads\/2012\/07\/IMG00718-20120623-1152-1024x768.jpg 1024w, https:\/\/cgtcantabria.org\/wp\/wp-content\/uploads\/2012\/07\/IMG00718-20120623-1152-300x225.jpg 300w, https:\/\/cgtcantabria.org\/wp\/wp-content\/uploads\/2012\/07\/IMG00718-20120623-1152.jpg 1600w\" sizes=\"auto, (max-width: 640px) 100vw, 640px\" \/><\/a><a href=\"http:\/\/cgtcantabria.org\/wp\/wp-content\/uploads\/2012\/07\/IMG00719-20120623-1232.jpg\"><img loading=\"lazy\" decoding=\"async\" class=\"alignnone size-large wp-image-825\" title=\"IMG00719-20120623-1232\" src=\"http:\/\/cgtcantabria.org\/wp\/wp-content\/uploads\/2012\/07\/IMG00719-20120623-1232-1024x768.jpg\" alt=\"\" width=\"640\" height=\"480\" srcset=\"https:\/\/cgtcantabria.org\/wp\/wp-content\/uploads\/2012\/07\/IMG00719-20120623-1232-1024x768.jpg 1024w, https:\/\/cgtcantabria.org\/wp\/wp-content\/uploads\/2012\/07\/IMG00719-20120623-1232-300x225.jpg 300w, https:\/\/cgtcantabria.org\/wp\/wp-content\/uploads\/2012\/07\/IMG00719-20120623-1232.jpg 1600w\" sizes=\"auto, (max-width: 640px) 100vw, 640px\" \/><\/a><a href=\"http:\/\/cgtcantabria.org\/wp\/wp-content\/uploads\/2012\/07\/IMG00720-20120623-1232.jpg\"><img loading=\"lazy\" decoding=\"async\" class=\"alignnone size-large wp-image-826\" title=\"IMG00720-20120623-1232\" src=\"http:\/\/cgtcantabria.org\/wp\/wp-content\/uploads\/2012\/07\/IMG00720-20120623-1232-1024x768.jpg\" alt=\"\" width=\"640\" height=\"480\" srcset=\"https:\/\/cgtcantabria.org\/wp\/wp-content\/uploads\/2012\/07\/IMG00720-20120623-1232-1024x768.jpg 1024w, https:\/\/cgtcantabria.org\/wp\/wp-content\/uploads\/2012\/07\/IMG00720-20120623-1232-300x225.jpg 300w, https:\/\/cgtcantabria.org\/wp\/wp-content\/uploads\/2012\/07\/IMG00720-20120623-1232.jpg 1600w\" sizes=\"auto, (max-width: 640px) 100vw, 640px\" \/><\/a><a href=\"http:\/\/cgtcantabria.org\/wp\/wp-content\/uploads\/2012\/07\/IMG00721-20120623-1232.jpg\"><img loading=\"lazy\" decoding=\"async\" class=\"alignnone size-full wp-image-827\" title=\"IMG00721-20120623-1232\" src=\"http:\/\/cgtcantabria.org\/wp\/wp-content\/uploads\/2012\/07\/IMG00721-20120623-1232.jpg\" alt=\"\" width=\"716\" height=\"536\" srcset=\"https:\/\/cgtcantabria.org\/wp\/wp-content\/uploads\/2012\/07\/IMG00721-20120623-1232.jpg 716w, https:\/\/cgtcantabria.org\/wp\/wp-content\/uploads\/2012\/07\/IMG00721-20120623-1232-300x224.jpg 300w\" sizes=\"auto, (max-width: 716px) 100vw, 716px\" \/><\/a><a href=\"http:\/\/cgtcantabria.org\/wp\/wp-content\/uploads\/2012\/07\/IMG00722-20120623-1304.jpg\"><img loading=\"lazy\" decoding=\"async\" class=\"alignnone size-large wp-image-828\" title=\"IMG00722-20120623-1304\" src=\"http:\/\/cgtcantabria.org\/wp\/wp-content\/uploads\/2012\/07\/IMG00722-20120623-1304-1024x768.jpg\" alt=\"\" width=\"640\" height=\"480\" srcset=\"https:\/\/cgtcantabria.org\/wp\/wp-content\/uploads\/2012\/07\/IMG00722-20120623-1304-1024x768.jpg 1024w, https:\/\/cgtcantabria.org\/wp\/wp-content\/uploads\/2012\/07\/IMG00722-20120623-1304-300x225.jpg 300w, https:\/\/cgtcantabria.org\/wp\/wp-content\/uploads\/2012\/07\/IMG00722-20120623-1304.jpg 1600w\" sizes=\"auto, (max-width: 640px) 100vw, 640px\" \/><\/a><a href=\"http:\/\/cgtcantabria.org\/wp\/wp-content\/uploads\/2012\/07\/IMG00723-20120623-1305.jpg\"><img loading=\"lazy\" decoding=\"async\" class=\"alignnone size-large wp-image-829\" title=\"IMG00723-20120623-1305\" src=\"http:\/\/cgtcantabria.org\/wp\/wp-content\/uploads\/2012\/07\/IMG00723-20120623-1305-1024x768.jpg\" alt=\"\" width=\"640\" height=\"480\" srcset=\"https:\/\/cgtcantabria.org\/wp\/wp-content\/uploads\/2012\/07\/IMG00723-20120623-1305-1024x768.jpg 1024w, https:\/\/cgtcantabria.org\/wp\/wp-content\/uploads\/2012\/07\/IMG00723-20120623-1305-300x225.jpg 300w, https:\/\/cgtcantabria.org\/wp\/wp-content\/uploads\/2012\/07\/IMG00723-20120623-1305.jpg 1600w\" sizes=\"auto, (max-width: 640px) 100vw, 640px\" \/><\/a><a href=\"http:\/\/cgtcantabria.org\/wp\/wp-content\/uploads\/2012\/07\/IMG00724-20120623-1310.jpg\"><img loading=\"lazy\" decoding=\"async\" class=\"alignnone size-large wp-image-830\" title=\"IMG00724-20120623-1310\" src=\"http:\/\/cgtcantabria.org\/wp\/wp-content\/uploads\/2012\/07\/IMG00724-20120623-1310-1024x768.jpg\" alt=\"\" width=\"640\" height=\"480\" srcset=\"https:\/\/cgtcantabria.org\/wp\/wp-content\/uploads\/2012\/07\/IMG00724-20120623-1310-1024x768.jpg 1024w, https:\/\/cgtcantabria.org\/wp\/wp-content\/uploads\/2012\/07\/IMG00724-20120623-1310-300x225.jpg 300w, https:\/\/cgtcantabria.org\/wp\/wp-content\/uploads\/2012\/07\/IMG00724-20120623-1310.jpg 1600w\" sizes=\"auto, (max-width: 640px) 100vw, 640px\" \/><\/a><\/p>\n<p>Buenos d\u00edas compa\u00f1eros y compa\u00f1eras,<br \/>\nBertolt Brecht, poeta alem\u00e1n del siglo XX, escribi\u00f3 este poema en homenaje a la solidaridad ferroviaria. Una solidaridad hist\u00f3rica que ha sido vuestra bandera desde las primeras generaciones. Y por eso hoy me siento un ferroviario m\u00e1s. Por vuestros valores, por lo que defend\u00e9is, por el servicio que ofrec\u00e9is a la sociedad.<\/p>\n<p>Antes de continuar, quiero agradecer a todos los sindicatos convocantes la invitaci\u00f3n a participar en una jornada tan importante para vosotros.<br \/>\nQuiero tambi\u00e9n saludar a los compa\u00f1eros que ven\u00eds pr\u00e1cticamente de todos los rincones del pa\u00eds: desde Galicia hasta Andaluc\u00eda, pasando por Murcia, Euskadi, Castilla y Le\u00f3n, La Rioja, Catalu\u00f1a, Extremadura, Asturias, Cantabria, Arag\u00f3n, Pa\u00eds Valenciano, Navarra, Castilla La Mancha y tambi\u00e9n Madrid, que hoy se ha convertido en el punto de encuentro de los ferroviarios y ferroviarias.<\/p>\n<p>Protestas como la de hoy se han convertido, en los \u00faltimos tiempos, en la \u00fanica v\u00eda que podemos y debemos recorrer para cambiar las cosas. Lamentarse y ver c\u00f3mo todo cae a nuestro alrededor pensando que alg\u00fan d\u00eda, por arte de magia, todo volver\u00e1 a ser como antes, es un grav\u00edsimo error. La situaci\u00f3n econ\u00f3mica y social que nos ha tocado vivir nos ha dejado pr\u00e1cticamente sin margen de maniobra.<br \/>\nPero el poco que tenemos, compa\u00f1eras y compa\u00f1eros, debemos exprimirlo. Hasta las \u00faltimas consecuencias. Es duro, muy duro, aguantar la presi\u00f3n en estos tiempos, pero tenemos que hacerlo.<\/p>\n<p>De hecho ya lo hacemos. Porque se lo debemos a las generaciones anteriores que se dejaron la piel por alcanzar una sociedad democr\u00e1tica, con valores sociales y servicios p\u00fablicos de calidad que hemos heredado. Se lo debemos tambi\u00e9n a los que vienen, porque el futuro pinta negro y tambi\u00e9n tienen derecho a una buena herencia. Por eso no podemos abandonar el barco, no ahora. Es el momento de remar con m\u00e1s fuerza que nunca.<\/p>\n<p>S\u00e9 que todos est\u00e1is convencidos de ello, y por eso est\u00e1is aqu\u00ed hoy. Cre\u00e9is en que otra manera de hacer las cosas es posible, cre\u00e9is en un futuro mejor para vuestros hijos, cre\u00e9is en vuestro trabajo, cre\u00e9is en lo que hac\u00e9is.<br \/>\nHoy estamos reivindicando el car\u00e1cter p\u00fablico de nuestro ferrocarril. P\u00fablico, seg\u00fan la RAE, es lo perteneciente o relativo a todo el pueblo, que parece que algunos no lo quieren entender.<\/p>\n<p>Hoy est\u00e1is demostrando al Gobierno y a los ciudadanos que los ferroviarios y las ferroviarias NO vais a quedaros de brazos cruzados ante los recortes y agresiones que ya se est\u00e1n produciendo en empresas de vuestro \u00e1mbito, como las Contratas Ferroviarias, los Servicios de Restauraci\u00f3n a bordo o los Servicios Auxiliares. Porque est\u00e1n en juego vuestros empleos, vuestras familias, el servicio que cada d\u00eda prest\u00e1is a la sociedad, la movilidad de los ciudadanos, su seguridad y la cohesi\u00f3n social.<br \/>\nTenemos que ser capaces de darle a este conflicto visibilidad en las calles y eco en los medios de comunicaci\u00f3n, porque para los gobiernos aquellos problemas que no se ven, simplemente no existen. Los ciudadanos y ciudadanas deben ser conscientes de que, en caso de privatizaci\u00f3n, ellos ser\u00e1n los principales afectados. El problema es de todos, y por eso tenemos la obligaci\u00f3n y responsabilidad de informar del mismo a la opini\u00f3n p\u00fablica y advertir de los inconvenientes que, a nivel social, supondr\u00eda una privatizaci\u00f3n.<\/p>\n<p>El reto es enorme, pero est\u00e1is preparados para dar una respuesta firme y contundente, porque cre\u00e9is en vuestro trabajo y ten\u00e9is la convicci\u00f3n de que un servicio p\u00fablico no puede medirse en t\u00e9rminos de rentabilidad, algo que desgraciadamente ya est\u00e1 ocurriendo con indicadores b\u00e1sicos del progreso de una sociedad, como la Sanidad y la Educaci\u00f3n.<\/p>\n<p>Lo \u00fanico que nos queda, compa\u00f1eros y compa\u00f1eras, es aquello que no podr\u00e1n arrebatarnos por mucho que aprieten y por muchos recortes que nos impongan. Lo \u00fanico que nos queda es no dar nuestro brazo a torcer, seguir luchando solidariamente, protestando y rebel\u00e1ndonos contra la injusticia social y la farsa en la que ya se est\u00e1 convirtiendo esta crisis. Una crisis que s\u00ed, debe llevarnos a racionalizar el gasto mediante una gesti\u00f3n y administraci\u00f3n responsable, pero NUNCA a costa de medidas, unas improvisadas y otras irresponsables, basadas en la reducci\u00f3n de salarios, calidad y nivel de empleo.<\/p>\n<p>No podemos consentir que sigan escud\u00e1ndose en la crisis para continuar atropellando las condiciones no solo de los trabajadores, sino de la sociedad en general, que es a quien llev\u00e1is d\u00e9cadas prestando un servicio eficiente y de calidad. Precisamente la degradaci\u00f3n de este servicio es lo que parecen pretender, con el \u00fanico fin de justificar luego su privatizaci\u00f3n.<\/p>\n<p>Dec\u00eda al principio de mi intervenci\u00f3n que hoy soy un ferroviario m\u00e1s, porque como bien dec\u00eds \u2013hoy m\u00e1s alto y claro que nunca- el tren ES DE TODOS. Una parte del mundo ferroviario tambi\u00e9n es m\u00eda. Y yo formo parte de esta gran familia. Por eso los ciudadanos como yo os agradecemos de verdad vuestra lucha, y os animamos a continuar en esta l\u00ednea. Para vosotros el tren es vuestro trabajo, y para nosotros es la manera de llegar al nuestro. El tren es un patrimonio social de incalculable valor porque se dedica, os dedic\u00e1is, a unir a las personas. Acerc\u00e1is a las familias, a los amigos. El tren es parte fundamental de nuestras vidas. Por eso tenemos que seguir cuidando de \u00e9l, porque es nuestro. Porque es de todos y de todas.<\/p>\n<p>Termino parafraseando a un tal Albert Einsten: \u201cAcabemos de una vez con la \u00fanica crisis amenazadora, que es la tragedia de no querer luchar por superarla\u201d.<\/p>\n<p>Dicho esto, compa\u00f1eros y compa\u00f1eras, \u00a1\u00a1\u00e1nimo y a luchar!!<\/p>\n","protected":false},"excerpt":{"rendered":"<p>Manifiesto 23-J EL FERROCARRIL ES DE TODOS Y TODAS \u00a1\u00a1\u00a1NO A LA PRIVATIZACI\u00d3N!!! \u201cMe han contado que en Ohio, a comienzos del siglo, viv\u00eda en Bidwell una mujer, Mary McCoy, viuda de un guardav\u00eda llamado Mike McCoy, en plena miseria. &hellip; <a href=\"https:\/\/cgtcantabria.org\/wp\/?p=821\">Sigue leyendo <span class=\"meta-nav\">&rarr;<\/span><\/a><\/p>\n","protected":false},"author":12,"featured_media":0,"comment_status":"open","ping_status":"open","sticky":false,"template":"","format":"standard","meta":{"footnotes":""},"categories":[5,10,7],"tags":[],"class_list":["post-821","post","type-post","status-publish","format-standard","hentry","category-comunicados","category-imagenes","category-movilizaciones"],"_links":{"self":[{"href":"https:\/\/cgtcantabria.org\/wp\/index.php?rest_route=\/wp\/v2\/posts\/821","targetHints":{"allow":["GET"]}}],"collection":[{"href":"https:\/\/cgtcantabria.org\/wp\/index.php?rest_route=\/wp\/v2\/posts"}],"about":[{"href":"https:\/\/cgtcantabria.org\/wp\/index.php?rest_route=\/wp\/v2\/types\/post"}],"author":[{"embeddable":true,"href":"https:\/\/cgtcantabria.org\/wp\/index.php?rest_route=\/wp\/v2\/users\/12"}],"replies":[{"embeddable":true,"href":"https:\/\/cgtcantabria.org\/wp\/index.php?rest_route=%2Fwp%2Fv2%2Fcomments&post=821"}],"version-history":[{"count":7,"href":"https:\/\/cgtcantabria.org\/wp\/index.php?rest_route=\/wp\/v2\/posts\/821\/revisions"}],"predecessor-version":[{"id":837,"href":"https:\/\/cgtcantabria.org\/wp\/index.php?rest_route=\/wp\/v2\/posts\/821\/revisions\/837"}],"wp:attachment":[{"href":"https:\/\/cgtcantabria.org\/wp\/index.php?rest_route=%2Fwp%2Fv2%2Fmedia&parent=821"}],"wp:term":[{"taxonomy":"category","embeddable":true,"href":"https:\/\/cgtcantabria.org\/wp\/index.php?rest_route=%2Fwp%2Fv2%2Fcategories&post=821"},{"taxonomy":"post_tag","embeddable":true,"href":"https:\/\/cgtcantabria.org\/wp\/index.php?rest_route=%2Fwp%2Fv2%2Ftags&post=821"}],"curies":[{"name":"wp","href":"https:\/\/api.w.org\/{rel}","templated":true}]}}