{"id":8326,"date":"2018-04-12T08:10:59","date_gmt":"2018-04-12T06:10:59","guid":{"rendered":"http:\/\/cgtcantabria.org\/wp\/?p=8326"},"modified":"2018-04-11T08:12:41","modified_gmt":"2018-04-11T06:12:41","slug":"objecion-fiscal-2018","status":"publish","type":"post","link":"https:\/\/cgtcantabria.org\/wp\/?p=8326","title":{"rendered":"Objeci\u00f3n Fiscal 2018"},"content":{"rendered":"<p><a href=\"http:\/\/cgtcantabria.org\/wp\/wp-content\/uploads\/2018\/04\/unnamed-1.jpg\"><img loading=\"lazy\" decoding=\"async\" class=\"size-medium wp-image-8327 alignleft\" src=\"http:\/\/cgtcantabria.org\/wp\/wp-content\/uploads\/2018\/04\/unnamed-1-212x300.jpg\" alt=\"\" width=\"212\" height=\"300\" srcset=\"https:\/\/cgtcantabria.org\/wp\/wp-content\/uploads\/2018\/04\/unnamed-1-212x300.jpg 212w, https:\/\/cgtcantabria.org\/wp\/wp-content\/uploads\/2018\/04\/unnamed-1-724x1024.jpg 724w, https:\/\/cgtcantabria.org\/wp\/wp-content\/uploads\/2018\/04\/unnamed-1.jpg 758w\" sizes=\"auto, (max-width: 212px) 100vw, 212px\" \/><\/a>No con nuestro dinero<\/p>\n<p style=\"text-align: justify;\"><strong>Implacable en su presi\u00f3n fiscal, El Estado no cesa de pedirnos: IRPF, IVA, impuestos indirectos, tasas&#8230;\u00a0 Y en este tiempo de tremendos recortes en gasto social, de p\u00e9rdida de derechos y de la mayor\u00eda de nuestras conquistas, de desmantelamiento de lo p\u00fablico, cuando el parco estado del bienestar que a\u00fan disfrut\u00e1bamos se tambalea, observamos con verg\u00fcenza c\u00f3mo, a\u00f1o tras a\u00f1o, se renuevan enormes inversiones en el m\u00e1s est\u00e9ril de los gastos: el Gasto Militar.\u00a0\u00a0<\/strong><\/p>\n<p style=\"text-align: justify;\"><strong>La Administraci\u00f3n se queda, ejercicio tras ejercicio, con cientos de euros de cada contribuyente. \u00bfPara qu\u00e9? Para comprar armamento (\u00bfcontra qui\u00e9n se usar\u00e1?), para absurdas intervenciones militares en el exterior (los nuevos modos del colonialismo \u201chumanitario\u201d), para sostener el complejo de la in\u00fatil investigaci\u00f3n militar&#8230;<\/strong><\/p>\n<p style=\"text-align: justify;\">Hacer Objeci\u00f3n Fiscal<\/p>\n<p style=\"text-align: justify;\"><strong>Frente a este desprop\u00f3sito, la ciudadan\u00eda tiene un arma: la Objeci\u00f3n Fiscal.<\/strong><\/p>\n<p style=\"text-align: justify;\"><strong>La Objeci\u00f3n Fiscal que no es otra cosa que nuestra negativa a colaborar con el Estado en los gastos de preparaci\u00f3n de guerras y en el mantenimiento de la estructura militar, desobedeciendo activamente en el momento de realizar la declaraci\u00f3n de la renta (IRPF). Consiste, t\u00e9cnicamente, en aprovechar la declaraci\u00f3n del IRPF para desviar una parte de la totalidad de nuestros impuestos a un proyecto que trabaje e<\/strong><strong>n la defensa de un progreso social solidario.<\/strong><\/p>\n<p style=\"text-align: justify;\">\u00bfC\u00f3mo se hace?<\/p>\n<p style=\"text-align: justify;\"><strong>La declaraci\u00f3n del IRPF supone una magn\u00edfica oportunidad de recuperar este dinero y destinarlo a un fin justo. Cualquier persona, tenga o no ingresos, tenga o no n\u00f3mina, est\u00e9 o no dada de alta, puede hacer la declaraci\u00f3n de Hacienda y reclamar este dinero al Estado para desviarlo a un proyecto alternativo por la Paz. Puede salir a pagar, a devolver o de cuota cero&#8230; En todos los casos es posible objetar. Si la declaraci\u00f3n es recibida ya hecha o se confecciona con un programa inform\u00e1tico, siempre es posible copiar manualmente los datos a un impreso en papel \u2013a\u00f1adiendo la objeci\u00f3n\u2013 y presentarla en Hacienda o en el banco.<\/strong><\/p>\n<p style=\"text-align: justify;\"><strong>Dos maneras concretas de hacerla:<\/strong><\/p>\n<p style=\"text-align: justify;\"><strong>Cuota fija: teniendo en cuenta que el Estado ha destinado este \u00faltimo a\u00f1o la cantidad de 890,87\u20ac\/persona, para gastos militares, se establece una cuota orientativa para objetar de 84\u20ac. Teniendo en cuenta que es orientativa y que la persona que objeta decidir\u00e1 si la cantidad es mayor o menor.<\/strong><\/p>\n<p style=\"text-align: justify;\"><strong>Cuota abierta: puesto que la administraci\u00f3n dispone de tantos medios para recaudar nuestro dinero, resulta complicado determinar la cantidad exacta que nos cobran a lo largo de todo un a\u00f1o. Sin embargo, la Objeci\u00f3n Fiscal es, ante todo, una acci\u00f3n p\u00fablica y colectiva de denuncia al militarismo y una interpelaci\u00f3n a la sociedad. Es mucho m\u00e1s importante el hecho de objetar que la cantidad objetada y, por ello, cualquier cantidad (por peque\u00f1a que pueda ser) es v\u00e1lida.<\/strong><\/p>\n<p style=\"text-align: justify;\"><strong>En ambos casos la mec\u00e1nica es muy f\u00e1cil:<\/strong><\/p>\n<p style=\"text-align: justify;\"><strong>Hacer la declaraci\u00f3n de la renta hasta llegar al apartado de \u201cRetenciones y dem\u00e1s pagos a cuenta\u201d. Tachar uno de los subapartados no utilizado y escribir encima: \u201cPor Objeci\u00f3n Fiscal al Gasto Militar\u201d. En la casilla, a\u00f1adir, la cantidad a objetar (la cuota fija o cualquier cuota abierta decidida).<\/strong><\/p>\n<p style=\"text-align: justify;\"><strong>Terminar normalmente el resto de la declaraci\u00f3n, sin olvidar que el \u201cResultado de la declaraci\u00f3n\u201d tiene que verse disminuido -si es \u201ca pagar\u201d- en una cantidad igual a la cantidad objetada o que la cantidad a devolver -si es \u201ca devolver\u201d- tiene que verse aumentada tambi\u00e9n en dicha cantidad.<\/strong><\/p>\n<p style=\"text-align: justify;\">Recuerda:<\/p>\n<p style=\"text-align: justify;\"><strong>La declaraci\u00f3n puede salir a pagar, a devolver o de cuota cero. Siempre es posible declararse persona objetora y reclamar el dinero de los impuestos destinado al gasto militar y desviarlo a un proyecto alternativo por la PAZ.<\/strong><\/p>\n<p style=\"text-align: justify;\"><strong>Es posible utilizar el programa P.A.D.R.E., la p\u00e1gina web de Hacienda, los servicios de una gestor\u00eda o la cita previa para hacer los c\u00e1lculos generales de la declaraci\u00f3n, pero sin entregarla. Despu\u00e9s se trasladan los n\u00fameros manualmente a un impreso, se calcula la objeci\u00f3n y, ahora s\u00ed, se entrega a Hacienda o se presenta en el banco.<\/strong><\/p>\n<p style=\"text-align: justify;\">Para las dos opciones:<\/p>\n<p style=\"text-align: justify;\"><strong>Acabada la declaraci\u00f3n, se ingresa la cantidad de la objeci\u00f3n fiscal al gasto militar en el proyecto alternativo elegido. Es necesario solicitar que en el concepto del recibo requerido al banco al realizar el ingreso alternativo aparezca \u201cObjeci\u00f3n Fiscal al Gasto Militar\u201d.<\/strong><\/p>\n<p style=\"text-align: justify;\"><strong>No olvidar adjuntar a la declaraci\u00f3n el justificante del ingreso.<\/strong><\/p>\n<p style=\"text-align: justify;\"><strong>La Objeci\u00f3n Fiscal al Gasto Militar es una herramienta humilde pero eficaz, permite evitar que parte de nuestra riqueza se destine a fines criminales y, a la vez, denunciar la financiaci\u00f3n del militarismo y poder dedicar algo de nuestro dinero a fines socialmente \u00fatiles y transformadores.<\/strong><\/p>\n<p style=\"text-align: justify;\">Nuestros destinos Alternativos<\/p>\n<p style=\"text-align: justify;\">Asamblea de Parad@s de Canarias Autogestionaria<\/p>\n<p style=\"text-align: justify;\"><strong>Creada en noviembre de 2013, comienza en la ciudad de Las Palmas para ramificarse posteriormente por varios municipios de la isla de Gran Canaria y Fuerteventura. Formando parte al final de varias plataformas de Parad@s en el estado espa\u00f1ol.<\/strong><\/p>\n<p style=\"text-align: justify;\"><strong>Entre sus objetivos est\u00e1n la difusi\u00f3n de las ideas libertarias por medio de la recuperaci\u00f3n de tierras de labranza, lo cual ha desencadenado una despensa solidaria como solidaridad con las personas en precario y necesitadas surti\u00e9ndolas de productos frescos y no perecederos. Al igual que una cena solidaria el 24 de diciembre a 531 personas.<\/strong><\/p>\n<p style=\"text-align: justify;\"><strong>CIF G35449859 N\u00ba de cuenta: Asamblea de Parad@S de Canarias Autogestionaria ES44 2038 7238 5560 0042 8410<\/strong><\/p>\n<p style=\"text-align: justify;\">Escuelita Villana<\/p>\n<p style=\"text-align: justify;\"><strong>El primer objetivo de la Escuelita Villana<\/strong>\u00a0<strong>es que ni\u00f1os, ni\u00f1as y adolescentes del barrio encuentren un espacio donde aprender y desde donde afrontar su educaci\u00f3n contando con el apoyo familiar, comunitario y escolar que precisen.\u00a0<\/strong><\/p>\n<p style=\"text-align: justify;\"><strong>Nuestro proyecto se inserta dentro de una comunidad espec\u00edfica y ya existente que es la conformada por las personas y grupos que participan del centro s<\/strong><strong>ocial La Villana de Vallecas. En este centro trabajan colectivos y proyectos como la Plataforma de Afectados por la Hipoteca, integrada por m\u00e1s de 100 personas y 40 unidades familiares; La Despensa Solidaria, espacio autoorganizado de recogida de alim<\/strong>\u00a0<strong>entos y formado por 65 familias; dos grupos de consumo ecol\u00f3gico que reparte 40 cestas semanales de comida ecol\u00f3gica; las clases de espa\u00f1ol para personas extranjeras que agrupan a 11 profesores y profesoras y a m\u00e1s de 20 alumnos y alumnas; adem\u00e1s de la propia Escuelita Villana en la que actualmente participan tanto en sus clases como en su espacio de ludoteca m\u00e1s de 15 profesores y profesoras y 40 ni\u00f1os, ni\u00f1as y adolescentes.\u00a0\u00a0<\/strong><\/p>\n<p style=\"text-align: justify;\"><strong>CIF G85241008 N\u00ba de cuenta: \u00abAsociaci\u00f3n Entrepuentes\u00bbES45 3025 0006 2314 3323 4233 Concepto \u00abObjeci\u00f3n Fiscal Escuelita Villana\u00bb.<\/strong><\/p>\n","protected":false},"excerpt":{"rendered":"<p>No con nuestro dinero Implacable en su presi\u00f3n fiscal, El Estado no cesa de pedirnos: IRPF, IVA, impuestos indirectos, tasas&#8230;\u00a0 Y en este tiempo de tremendos recortes en gasto social, de p\u00e9rdida de derechos y de la mayor\u00eda de nuestras &hellip; <a href=\"https:\/\/cgtcantabria.org\/wp\/?p=8326\">Sigue leyendo <span class=\"meta-nav\">&rarr;<\/span><\/a><\/p>\n","protected":false},"author":19,"featured_media":0,"comment_status":"open","ping_status":"open","sticky":false,"template":"","format":"gallery","meta":{"footnotes":""},"categories":[16],"tags":[],"class_list":["post-8326","post","type-post","status-publish","format-gallery","hentry","category-accion-social","post_format-post-format-gallery"],"_links":{"self":[{"href":"https:\/\/cgtcantabria.org\/wp\/index.php?rest_route=\/wp\/v2\/posts\/8326","targetHints":{"allow":["GET"]}}],"collection":[{"href":"https:\/\/cgtcantabria.org\/wp\/index.php?rest_route=\/wp\/v2\/posts"}],"about":[{"href":"https:\/\/cgtcantabria.org\/wp\/index.php?rest_route=\/wp\/v2\/types\/post"}],"author":[{"embeddable":true,"href":"https:\/\/cgtcantabria.org\/wp\/index.php?rest_route=\/wp\/v2\/users\/19"}],"replies":[{"embeddable":true,"href":"https:\/\/cgtcantabria.org\/wp\/index.php?rest_route=%2Fwp%2Fv2%2Fcomments&post=8326"}],"version-history":[{"count":1,"href":"https:\/\/cgtcantabria.org\/wp\/index.php?rest_route=\/wp\/v2\/posts\/8326\/revisions"}],"predecessor-version":[{"id":8328,"href":"https:\/\/cgtcantabria.org\/wp\/index.php?rest_route=\/wp\/v2\/posts\/8326\/revisions\/8328"}],"wp:attachment":[{"href":"https:\/\/cgtcantabria.org\/wp\/index.php?rest_route=%2Fwp%2Fv2%2Fmedia&parent=8326"}],"wp:term":[{"taxonomy":"category","embeddable":true,"href":"https:\/\/cgtcantabria.org\/wp\/index.php?rest_route=%2Fwp%2Fv2%2Fcategories&post=8326"},{"taxonomy":"post_tag","embeddable":true,"href":"https:\/\/cgtcantabria.org\/wp\/index.php?rest_route=%2Fwp%2Fv2%2Ftags&post=8326"}],"curies":[{"name":"wp","href":"https:\/\/api.w.org\/{rel}","templated":true}]}}