{"id":8333,"date":"2018-04-11T14:17:27","date_gmt":"2018-04-11T12:17:27","guid":{"rendered":"http:\/\/cgtcantabria.org\/wp\/?p=8333"},"modified":"2018-04-11T08:19:28","modified_gmt":"2018-04-11T06:19:28","slug":"numerosas-personas-reivindican-la-defensa-de-lo-publico-en-las-calles-de-madrid","status":"publish","type":"post","link":"https:\/\/cgtcantabria.org\/wp\/?p=8333","title":{"rendered":"Numerosas personas reivindican la defensa de lo P\u00fablico en las calles de Madrid"},"content":{"rendered":"<p style=\"text-align: justify;\"><a href=\"http:\/\/cgtcantabria.org\/wp\/wp-content\/uploads\/2018\/04\/foto-2.jpg\"><img loading=\"lazy\" decoding=\"async\" class=\"size-medium wp-image-8334 alignleft\" src=\"http:\/\/cgtcantabria.org\/wp\/wp-content\/uploads\/2018\/04\/foto-2-300x169.jpg\" alt=\"\" width=\"300\" height=\"169\" srcset=\"https:\/\/cgtcantabria.org\/wp\/wp-content\/uploads\/2018\/04\/foto-2-300x169.jpg 300w, https:\/\/cgtcantabria.org\/wp\/wp-content\/uploads\/2018\/04\/foto-2.jpg 567w\" sizes=\"auto, (max-width: 300px) 100vw, 300px\" \/><\/a>La manifestaci\u00f3n ha sido convocada por la Confederaci\u00f3n General del Trabajo (CGT) en el marco de la campa\u00f1a que desarrolla desde hace un a\u00f1o en defensa de lo P\u00fablico y lo Com\u00fan.<\/p>\n<p style=\"text-align: justify;\">La Confederaci\u00f3n General del Trabajo (CGT) ha convocado para este s\u00e1bado, 7 de abril, una manifestaci\u00f3n en defensa de los Servicios P\u00fablicos que deber\u00edan estar al alcance de todas las personas que conviven en la sociedad para el desarrollo de una vida digna.<\/p>\n<p style=\"text-align: justify;\">La organizaci\u00f3n anarcosindicalista ha expresado a trav\u00e9s de un manifiesto que no solo reivindican los Servicios P\u00fablicos que se prestan directamente desde las Administraciones P\u00fablicas, sino a todos los servicios que han sido expoliados y vendidos a trav\u00e9s de privatizaciones.<\/p>\n<p style=\"text-align: justify;\">CGT aclara que entre estos Servicios P\u00fablicos est\u00e1n el derecho a la salud, los derechos sexuales y reproductivos, el derecho a la educaci\u00f3n, a los cuidados y la dependencia, el derecho a la vivienda, a la energ\u00eda y a las comunicaciones y a una informaci\u00f3n veraz, el derecho a una pensiones dignas y a la protecci\u00f3n por desempleo e invalidez, el derecho a una atenci\u00f3n durante la infancia y durante la tercera edad, derecho a un transporte p\u00fablico y de calidad, al medio ambiente, el derecho a la igualdad y los derechos al asilo y al refugio como respuesta a la situaci\u00f3n de muchas personas inmigrantes.<\/p>\n<p style=\"text-align: justify;\">Adem\u00e1s, la organizaci\u00f3n anarcosindicalista considera que durante demasiados a\u00f1os se ha atacado a lo de todos y todas desde las instituciones responsables de gestionar estos recursos con la excusa de la \u201ccrisis-estafa\u201d.<\/p>\n<p style=\"text-align: justify;\">Desde la CGT explican que la denuncia de la gran estafa que ha supuesto la crisis para las Clases Populares viene haci\u00e9ndose desde hace a\u00f1os poniendo \u00e9nfasis sobre todo en las grandes cantidades de dinero p\u00fablico que han ido a parar a manos de banqueros y grandes empresarios, la corrupci\u00f3n y las privatizaciones, el deterioro de los Servicios P\u00fablicos para fomentar los privados, la falta de plantilla para prestar servicios eficientes, los recortes sociales y la represi\u00f3n ejercida por el Estado sobre quienes han luchado contra todo ello.<\/p>\n<p style=\"text-align: justify;\">Por este motivo, CGT ha vuelto a salir a la calle para exigir la devoluci\u00f3n de todo lo robado y la defensa de derechos fundamentales de las personas.<\/p>\n<p>Gabinete de prensa del Comit\u00e9 Confederal de la CGT<\/p>\n","protected":false},"excerpt":{"rendered":"<p>La manifestaci\u00f3n ha sido convocada por la Confederaci\u00f3n General del Trabajo (CGT) en el marco de la campa\u00f1a que desarrolla desde hace un a\u00f1o en defensa de lo P\u00fablico y lo Com\u00fan. La Confederaci\u00f3n General del Trabajo (CGT) ha convocado &hellip; <a href=\"https:\/\/cgtcantabria.org\/wp\/?p=8333\">Sigue leyendo <span class=\"meta-nav\">&rarr;<\/span><\/a><\/p>\n","protected":false},"author":19,"featured_media":0,"comment_status":"open","ping_status":"open","sticky":false,"template":"","format":"gallery","meta":{"footnotes":""},"categories":[15,16],"tags":[],"class_list":["post-8333","post","type-post","status-publish","format-gallery","hentry","category-accion-sindical","category-accion-social","post_format-post-format-gallery"],"_links":{"self":[{"href":"https:\/\/cgtcantabria.org\/wp\/index.php?rest_route=\/wp\/v2\/posts\/8333","targetHints":{"allow":["GET"]}}],"collection":[{"href":"https:\/\/cgtcantabria.org\/wp\/index.php?rest_route=\/wp\/v2\/posts"}],"about":[{"href":"https:\/\/cgtcantabria.org\/wp\/index.php?rest_route=\/wp\/v2\/types\/post"}],"author":[{"embeddable":true,"href":"https:\/\/cgtcantabria.org\/wp\/index.php?rest_route=\/wp\/v2\/users\/19"}],"replies":[{"embeddable":true,"href":"https:\/\/cgtcantabria.org\/wp\/index.php?rest_route=%2Fwp%2Fv2%2Fcomments&post=8333"}],"version-history":[{"count":1,"href":"https:\/\/cgtcantabria.org\/wp\/index.php?rest_route=\/wp\/v2\/posts\/8333\/revisions"}],"predecessor-version":[{"id":8335,"href":"https:\/\/cgtcantabria.org\/wp\/index.php?rest_route=\/wp\/v2\/posts\/8333\/revisions\/8335"}],"wp:attachment":[{"href":"https:\/\/cgtcantabria.org\/wp\/index.php?rest_route=%2Fwp%2Fv2%2Fmedia&parent=8333"}],"wp:term":[{"taxonomy":"category","embeddable":true,"href":"https:\/\/cgtcantabria.org\/wp\/index.php?rest_route=%2Fwp%2Fv2%2Fcategories&post=8333"},{"taxonomy":"post_tag","embeddable":true,"href":"https:\/\/cgtcantabria.org\/wp\/index.php?rest_route=%2Fwp%2Fv2%2Ftags&post=8333"}],"curies":[{"name":"wp","href":"https:\/\/api.w.org\/{rel}","templated":true}]}}