{"id":8527,"date":"2018-05-21T18:51:35","date_gmt":"2018-05-21T16:51:35","guid":{"rendered":"http:\/\/cgtcantabria.org\/wp\/?p=8527"},"modified":"2018-05-21T15:58:55","modified_gmt":"2018-05-21T13:58:55","slug":"lo-siguen-llamando-democracia-y-sigue-sin-serlo","status":"publish","type":"post","link":"https:\/\/cgtcantabria.org\/wp\/?p=8527","title":{"rendered":"Lo siguen llamando democracia y sigue sin serlo"},"content":{"rendered":"<p style=\"text-align: justify;\"><a href=\"http:\/\/cgtcantabria.org\/wp\/wp-content\/uploads\/2018\/05\/list_640px.jpg\"><img loading=\"lazy\" decoding=\"async\" class=\"size-medium wp-image-8528 alignleft\" src=\"http:\/\/cgtcantabria.org\/wp\/wp-content\/uploads\/2018\/05\/list_640px-300x225.jpg\" alt=\"\" width=\"300\" height=\"225\" srcset=\"https:\/\/cgtcantabria.org\/wp\/wp-content\/uploads\/2018\/05\/list_640px-300x225.jpg 300w, https:\/\/cgtcantabria.org\/wp\/wp-content\/uploads\/2018\/05\/list_640px.jpg 640w\" sizes=\"auto, (max-width: 300px) 100vw, 300px\" \/><\/a>Siete a\u00f1os despu\u00e9s de que un clamor popular retumbara en las plazas de todo el Estado bajo el grito \u00ablo llaman democracia y no lo es\u201d, todo apunta a que, en lo referente a calidad democr\u00e1tica, poco ha cambiado.<\/p>\n<div class=\"col-contenido med\">\n<div class=\"row\">\n<div class=\"col-md-9\">\n<p class=\"contenido\" style=\"text-align: justify;\">La brutales cargas policiales y las detenciones indiscriminadas en manifestaciones ya no abren portadas y telediarios, el Gobierno ha aprendido la lecci\u00f3n. Ahora la represi\u00f3n se ha modernizado y funciona a golpe de talonario y de Audiencia Nacional.Hagamos un repaso al \u00faltimo a\u00f1o en materia represiva.Pablo Hasel condenado a dos a\u00f1os de c\u00e1rcel, lo que sumado a su anterior condena le llevar\u00e1 cinco a\u00f1os a prisi\u00f3n por sus tuits y una de sus canciones. Fernando De Reyna y Tom\u00e1s Santos condenados a un a\u00f1o y medio de prisi\u00f3n por dos tuits de mal gusto insultando a la presidenta de la Asociaci\u00f3n 11M Afectados por el Terrorismo. El tuitero alav\u00e9s Alfredo Rem\u00edrez, condenado por haber dado en la red social la bienvenida a miembros de ETA a su salida de prisi\u00f3n tras cumplir sus condenas, ingres\u00f3 en prisi\u00f3n a finales del pasado a\u00f1o y, a mediados de febrero de este a\u00f1o, le fue aplicada la dispersi\u00f3n carcelaria y fue trasladado a una prisi\u00f3n de Zaragoza.En\u00a0Murcia, un estado de excepci\u00f3n permanente, vigente desde el mes de octubre, ha tenido como consecuencia una decena de detenciones y m\u00e1s de una veintena de multas por valor de 50.000\u20ac para tratar de acallar las protestas que exigen el soterramiento de las v\u00edas del AVE. Los activistas llevan meses denunciando abusos policiales, detenciones arbitrarias, identificaciones sumarias de forma irregular, coacciones a menores, la presencia policial armada con fusiles de asalto en las v\u00edas\u2026 Hasta tal punto ha llegado el grado de acoso a los vecinos, que llevan alrededor de 250 d\u00edas consecutivos protestando, que han llegado tener que escoltar a los cantautores que los jueves ofrecen recitales para evitar m\u00e1s identificaciones y sanciones.<\/p>\n<h3>Abril judicial<\/h3>\n<p class=\"contenido\" style=\"text-align: justify;\">No todo lo que hemos visto en este a\u00f1o, en que el\u00a0mayo franc\u00e9scumple medio siglo, corresponde a hechos actuales. En materia judicial, el mes de abril ha sido especialmente prol\u00edfico, llegando a ser denominado \u201cabril judicial\u201d. El mes lo inauguraron los dos sindicalistas riojanos Jorge y Pablo tras m\u00e1s de cinco a\u00f1os a la espera de juicio, el \u00faltimo proceso judicial de la huelga general del 14N de 2012. Un d\u00eda m\u00e1s tarde le toc\u00f3 el turno a Jose Mar\u00eda, un activista madrile\u00f1o que se enfrenta a dos a\u00f1os de prisi\u00f3n por intentar paralizar un desahucio. Tambi\u00e9n concurrieron, en este caso en la Audiencia Nacional, los j\u00f3venes de\u00a0Altsasu\u00a0acusados de terrorismo por una pelea de bar. Del mismo modo, el periodista de La Haine &#8216;Boro\u2019 iba a ser juzgado en un nuevo montaje policial acusado de atentado a la autoridad y lesiones a dos agentes mientras cubr\u00eda la manifestaci\u00f3n del \u201cJaque a la monarqu\u00eda\u201d. Finalmente el juicio fue aplazado porque uno de los agentes que ten\u00eda que declarar se encontraba &#8216;indispuesto&#8217;. P\u00a0or \u00faltimo, tambi\u00e9n tuvieron que desfilar por los juzgados los activistas del\u00a02F de Valladolid\u00a0, en los que cuatro activistas fueron juzgados por una manifestaci\u00f3n durante la convenci\u00f3n nacional del Partido Popular en 2014, y los seis sindicalistas guadalajare\u00f1os, que se enfrentan a un total de 144 a\u00f1os entre los seis, tuvieron que ir a declarar.<\/p>\n<div class=\"mediia resumen normal\"><\/div>\n<p class=\"contenido\" style=\"text-align: justify;\">Tampoco creamos que se han olvidado los viejos m\u00e9todos. D\u00edas antes del 1 de octubre, entre gritos de \u00aba por ellos\u00bb, llegaba una jaur\u00eda a Catalunya para\u00a0impedir un refer\u00e9ndum. All\u00ed dejaron im\u00e1genes para la memoria: un Piol\u00edn que durante semanas fue la burla de todo el Estado y parte del extranjero; cargas policiales dur\u00edsimas contra manifestantes pac\u00edficas; gente arrastrada por los pelos, m\u00e1s de 1.000 personas heridas (una de ellas perdi\u00f3 un ojo, otra sufri\u00f3 un infarto durante una carga policial)\u2026 Lo que sucede en cualquier democracia cuando alguien quiere votar, tenga o no valor el resultado de dicha votaci\u00f3n.<\/p>\n<h3>Si es nazi no es lo mismo<\/h3>\n<p class=\"contenido\" style=\"text-align: justify;\">Como hace siete a\u00f1os, la represi\u00f3n s\u00ed entiende de ideolog\u00edas. El pasado mes de marzo eran juzgados los ocho miembros de la organizaci\u00f3n neonazi Nueva \u00c9poca por asociaci\u00f3n il\u00edcita. El resultado: \u00fanicamente pisar\u00e1 la c\u00e1rcel el que ya se encuentra en ella por apu\u00f1alar a cinco personas en Lleida. Una situaci\u00f3n que contrasta con la de Valtonyc, que deber\u00e1 entrar en prisi\u00f3n en las pr\u00f3ximas semanas por las letras de sus canciones.El caso del rapero\u00a0o de los independentistas encarcelados que, casualidades de la vida, no son ni cu\u00f1ados de M\u00e9ndez de Vigo ni primos de Pedro Moren\u00e9s, tambi\u00e9n contrasta con la situaci\u00f3n judicial de la que gozan los ya condenados por el asalto a la librer\u00eda Blanquerna en 2013. Fueron sentenciados a cuatro a\u00f1os y cinco meses de prisi\u00f3n por un delito de des\u00f3rdenes p\u00fablicos en concurso ideal con el de impedimento del derecho de reuni\u00f3n, con agravante de obrar por motivos de discriminaci\u00f3n ideol\u00f3gica, y por un delito de da\u00f1os ocasionados en bienes de propiedad p\u00fablica. No obstante, el Tribunal Constitucional ha suspendido su entrada en prisi\u00f3n.Como anta\u00f1o, el franquismo sigue gozando de buena salud y honores. El pasado 8 de mayo, durante una sesi\u00f3n de control de esas que se saltaron cuando estaban en funciones tras el bloqueo electoral, el ministro Rafael Catal\u00e1 confesaba que no ten\u00eda ninguna intenci\u00f3n de retirar el ducado de Franco, que ahora heredar\u00e1 su nieta, porque \u00abno genera ning\u00fan privilegio\u00bb sino que se trata de un t\u00edtulo que es \u00absimplemente honor\u00edfico\u00bb. As\u00ed pues, el Gobierno aboga por seguir honrando a Franco y su labor en defensa de la violaci\u00f3n de los m\u00e1s elementales derechos humanos y libertades.Pero no solo son los honores al \u2018caudillo\u2019. El nacionalcatolicismo en el que siempre insisti\u00f3 tanto tambi\u00e9n goza de magn\u00edfica salud. En abril pudimos conocer que una legionaria fue sancionada por no asistir a la conmemoraci\u00f3n de la Inmaculada Concepci\u00f3n, una cosa muy normal en una democracia laica. La militar explic\u00f3 que se debi\u00f3 a que no ten\u00eda con qui\u00e9n dejar a su hija, ya que todas las guarder\u00edas estaban cerradas por ser festivo, su marido tambi\u00e9n deb\u00eda participar en la conmemoraci\u00f3n y a ambos se les deneg\u00f3 la concesi\u00f3n de un d\u00eda de asuntos propios.Pero no es lo \u00fanico que dota de salud al nacionalcatolicismo que reina por encima de &#8216;Felipito\u2019. Menos desapercibida pas\u00f3 la denuncia a Willy Toledo por insultar a Dios y a la Virgen Mar\u00eda en Facebook. En un escrito, la Fiscal\u00eda informaba de la presentaci\u00f3n de una denuncia por un delito contra los sentimientos religiosos. Ante la citaci\u00f3n judicial, Toledo se neg\u00f3 a declarar y solicit\u00f3 con la retranca que le caracteriza que declararan Dios y la Virgen Mar\u00eda por \u201csi se sienten ofendidos\u201d.<\/p>\n<h3>Tambi\u00e9n en las aulas<\/h3>\n<p class=\"contenido\" style=\"text-align: justify;\">La \u201cdefensa de la patria\u201d y el dogma de los s\u00edmbolos nacionales\u00a0llega tambi\u00e9n a las aulas, como ya lo hiciera durante el franquismo y en otros tantos reg\u00edmenes dictatoriales. Destaca la propuesta musical para que los estudiantes canten el pasodoble La Banderita y que escuchen y marquen el comp\u00e1s del himno de la Armada. En la unidad sobre las amenazas que ponen en peligro nuestros valores se destaca que uno de ellos son los \u00abflujos migratorios irregulares\u00bb y que \u00abse han transformado en un fen\u00f3meno con implicaciones para la pol\u00edtica de seguridad\u00bb.Otros contenidos de esta asignatura, que los ministerios de Defensa y Educaci\u00f3n quieren impartir a ni\u00f1os de entre seis y doce a\u00f1os, son los procedimientos para hacerse reservistas del Ej\u00e9rcito, el \u201cdeber de defender a Espa\u00f1a\u201d, dibujar banderas y escudos nacionales, hacer pines con la bandera o el escudo, recopilar informaci\u00f3n sobre el rey y su boda, comparar a los militares con m\u00e9dicos\u2026 pero lo importante es investigar a 500 docentes catalanes por adoctrinamiento.Hoy como hace siete a\u00f1os, lo llaman democracia, y sigue sin serlo.<\/p>\n<\/div>\n<\/div>\n<p id=\"horizontal-1\" class=\"publi-horizontal\" style=\"text-align: justify;\">Fuente:\u00a0<a href=\"https:\/\/www.elsaltodiario.com\/represion\/7-anos-15M-lo-llaman-democracia-sigue-sin-serlo\">https:\/\/www.elsaltodiario.com\/represion\/7-anos-15M-lo-llaman-democracia-sigue-sin-serlo<\/a><\/p>\n<\/div>\n","protected":false},"excerpt":{"rendered":"<p>Siete a\u00f1os despu\u00e9s de que un clamor popular retumbara en las plazas de todo el Estado bajo el grito \u00ablo llaman democracia y no lo es\u201d, todo apunta a que, en lo referente a calidad democr\u00e1tica, poco ha cambiado. La &hellip; <a href=\"https:\/\/cgtcantabria.org\/wp\/?p=8527\">Sigue leyendo <span class=\"meta-nav\">&rarr;<\/span><\/a><\/p>\n","protected":false},"author":19,"featured_media":0,"comment_status":"open","ping_status":"open","sticky":false,"template":"","format":"gallery","meta":{"footnotes":""},"categories":[16],"tags":[],"class_list":["post-8527","post","type-post","status-publish","format-gallery","hentry","category-accion-social","post_format-post-format-gallery"],"_links":{"self":[{"href":"https:\/\/cgtcantabria.org\/wp\/index.php?rest_route=\/wp\/v2\/posts\/8527","targetHints":{"allow":["GET"]}}],"collection":[{"href":"https:\/\/cgtcantabria.org\/wp\/index.php?rest_route=\/wp\/v2\/posts"}],"about":[{"href":"https:\/\/cgtcantabria.org\/wp\/index.php?rest_route=\/wp\/v2\/types\/post"}],"author":[{"embeddable":true,"href":"https:\/\/cgtcantabria.org\/wp\/index.php?rest_route=\/wp\/v2\/users\/19"}],"replies":[{"embeddable":true,"href":"https:\/\/cgtcantabria.org\/wp\/index.php?rest_route=%2Fwp%2Fv2%2Fcomments&post=8527"}],"version-history":[{"count":1,"href":"https:\/\/cgtcantabria.org\/wp\/index.php?rest_route=\/wp\/v2\/posts\/8527\/revisions"}],"predecessor-version":[{"id":8529,"href":"https:\/\/cgtcantabria.org\/wp\/index.php?rest_route=\/wp\/v2\/posts\/8527\/revisions\/8529"}],"wp:attachment":[{"href":"https:\/\/cgtcantabria.org\/wp\/index.php?rest_route=%2Fwp%2Fv2%2Fmedia&parent=8527"}],"wp:term":[{"taxonomy":"category","embeddable":true,"href":"https:\/\/cgtcantabria.org\/wp\/index.php?rest_route=%2Fwp%2Fv2%2Fcategories&post=8527"},{"taxonomy":"post_tag","embeddable":true,"href":"https:\/\/cgtcantabria.org\/wp\/index.php?rest_route=%2Fwp%2Fv2%2Ftags&post=8527"}],"curies":[{"name":"wp","href":"https:\/\/api.w.org\/{rel}","templated":true}]}}