{"id":8610,"date":"2018-06-05T13:17:33","date_gmt":"2018-06-05T11:17:33","guid":{"rendered":"http:\/\/cgtcantabria.org\/wp\/?p=8610"},"modified":"2018-06-03T13:21:31","modified_gmt":"2018-06-03T11:21:31","slug":"el-coste-del-desfile-militar-del-26-de-mayo-duplica-el-de-2017-y-cuatriplica-el-de-2016","status":"publish","type":"post","link":"https:\/\/cgtcantabria.org\/wp\/?p=8610","title":{"rendered":"El coste del desfile militar del 26 de mayo duplica el de 2017 y cuatriplica el de 2016"},"content":{"rendered":"<p style=\"text-align: justify;\"><a href=\"http:\/\/cgtcantabria.org\/wp\/wp-content\/uploads\/2018\/06\/01-7.jpg\"><img loading=\"lazy\" decoding=\"async\" class=\"size-full wp-image-8611 alignleft\" src=\"http:\/\/cgtcantabria.org\/wp\/wp-content\/uploads\/2018\/06\/01-7.jpg\" alt=\"\" width=\"205\" height=\"115\" \/><\/a>El coste del desfile militar con motivo del d\u00eda de las Fuerzas Armadas que recorrer\u00e1 las calles de Logro\u00f1o el pr\u00f3ximo 26 de mayo duplica el de 2017 y cuatriplica el de 2016, ascendiendo a 733.796 euros. Las molestias ocasionadas ya han comenzado indignar a vecinos y comerciantes de calle General Vara de Rey.<\/p>\n<p style=\"text-align: justify;\">El martes 22 de mayo, la ministra de Defensa, Mar\u00eda Dolores de Cospedal, presum\u00eda de llevar el nivel de gasto de su ministerio a niveles precrisis y advirti\u00f3 que seguir\u00e1 creciendo, al considerar necesario seguir haciendo un esfuerzo \u201ccontinuado y sostenible en el tiempo\u201d.<\/p>\n<p style=\"text-align: justify;\">Desde 2016, a\u00f1o en que fue nombrada ministra, el gasto militar no ha dejado de crecer. Los presupuestos de 2017 escalaron la partida de Defensa un 32%, un aumento que\u00a0se consolida en los presupuestos de 2018, a\u00fan sin aprobar, con una nueva subida del 10,7%.<\/p>\n<p style=\"text-align: justify;\">No obstante, desde el centro de estudios por la paz Centre Del\u00e0s advierten que el presupuesto militar real asciende cuantiosamente. Desde esta organizaci\u00f3n cuantifican el gasto militar oculto en las partidas presupuestarias de otros ministerios en 11.000 millones de euros, lo cual supondr\u00eda un incremento del 145% respecto al presupuesto del Ministerio de Defensa.<\/p>\n<p style=\"text-align: justify;\">Entre los gastos, que en su informe\u00a0\u201cLos desprop\u00f3sitos del gasto militar\u201d\u00a0adjudican directamente a Defensa, se encuentran 19,48 millones de euros para \u201corganismos militares internacionales\u201d adjudicados al Ministerio de Exteriores, 302,36 millones de euros dedicados a I+D militar del presupuesto de Industria o 2.654,93 millones de euros destinados a sufragar a la Guardia Civil, un cuerpo de seguridad p\u00fablica de naturaleza militar y \u00e1mbito nacional, seg\u00fan describen en su propia web.<\/p>\n<p style=\"text-align: justify;\">Esta escalada presupuestaria ha tenido su reflejo en el coste que conllevar\u00e1 el desfile del d\u00eda de las Fuerzas Armadas el pr\u00f3ximo 26 de mayo en Logro\u00f1o, que cuatriplica el coste del llevado a cabo en 2016 en Madrid y duplica el del pasado a\u00f1o en Guadalajara, ascendiendo hasta los 733.796 euros.<\/p>\n<h2 style=\"text-align: justify;\">UN GASTO QUE VECINOS Y COMERCIANTES DE VARA DE REY NIEGAN QUE COMPENSE<\/h2>\n<p style=\"text-align: justify;\">Desde\u00a0<i>El Salto La Rioja<\/i>\u00a0nos hemos acercado a la Calle General Vara de Rey, donde desde hace ya varios d\u00edas han comenzado los trabajos de preparaci\u00f3n del desfile, para conocer la opini\u00f3n de vecinos y comerciantes.<\/p>\n<p style=\"text-align: justify;\">En contraste con las declaraciones de la alcaldesa de Logro\u00f1o, Cuca Gamarra, en las que afirmaba que \u201cla ciudad est\u00e1 nerviosa y expectante\u201d, muchos vecinos muestran su malestar tanto por la gesti\u00f3n, la falta de planificaci\u00f3n y los numerosos inconvenientes que se est\u00e1n generando.<\/p>\n<p style=\"text-align: justify;\">Comenzamos nuestro recorrido desde el estanco entre la citada calle y la avenida Gran V\u00eda, donde sus dependientes critican que, mientras \u201cse sabe perfectamente qui\u00e9n viene y qui\u00e9n no viene, nadie nos informa de lo que realmente nos afecta\u201d. Desde este establecimiento denuncian que viven una incertidumbre constante, ya que \u201ccada d\u00eda emiten un bando donde nos enteramos de las restricciones de tr\u00e1fico, cortes\u2026\u201d. Tambi\u00e9n se muestran muy preocupados por la retirada de contenedores de basura desde cinco d\u00edas antes del desfile. \u201c\u00bfQu\u00e9 vamos a hacer con nuestras basuras? \u00bfLa gente en sus casas, van a coleccionar basura durante una semana?\u201d, se preguntan. Por \u00faltimo, afirman convencidos que todos los negocios de la calle van a verse muy perjudicados.<\/p>\n<p style=\"text-align: justify;\">Seguimos avanzando y entramos en una pasteler\u00eda donde nos cuentan que se ha notado mucho la reducci\u00f3n de las ventas porque, pese \u201cal barullo\u201d, las dificultades del tr\u00e1nsito ocasionan que la gente no quiera entrar y prefieran ir a otros comercios.<\/p>\n<p style=\"text-align: justify;\">Otro local cercano es una tienda de animales, desde donde ponen especial acento en las cuestiones de limpieza. Critican que, mientras son frecuentes sus quejas al Ayuntamiento por el olor a orines humanos en la calle, \u00fanicamente \u201clo han visto y van solucionar durante esta semana\u201d. Al igual que otros comerciantes de la zona, pone en duda la utilidad del desfile y en su caso propone que el presupuesto sea dedicado a fomentar el comercio local.<\/p>\n<p style=\"text-align: justify;\">Durante todo el recorrido escuchamos comentarios de vecinos enfadados por tener que recorrer hasta 600 metros para cruzar la calle, oblig\u00e1ndoles a alargar sus trayectos m\u00e1s de un kil\u00f3metro. Tambi\u00e9n nos encontramos con una madre que, al recoger a su hijo le explica que hoy coger\u00e1n un taxi por la falta de espacio en aceras y las largas distancias para cruzar la calle.<\/p>\n<p style=\"text-align: justify;\">Subiendo hasta la esquina con la calle P\u00e9rez Gald\u00f3s, encontramos un peque\u00f1o kiosco a pie de calle, donde su propietaria se muestra indignada. Critica la retirada de los contenedores, el corte de tr\u00e1fico desde una semana antes del \u201cevento\u201d, los ruidos desde que comenzaron retirar el mobiliario urbano la pasada semana y del montaje de esta semana, los aviones que desde hace semanas sobrevuelan el cielo logro\u00f1\u00e9s con gran estruendo, las p\u00e9rdidas que le va a generar durante toda la semana \u2014por la reducci\u00f3n del tr\u00e1fico y el tr\u00e1nsito y por verse obligada a cerrar el s\u00e1bado por ser una zona de seguridad\u2014, la p\u00e9sima gesti\u00f3n y planificaci\u00f3n municipal&#8230;<\/p>\n<p style=\"text-align: justify;\">Justo al concluir nuestra conversaci\u00f3n con ella, nos encontramos a una persona con discapacidad visual que ven\u00eda de su trabajo. Por la ma\u00f1ana no not\u00f3 mucha diferencia pero a la hora de salir de trabajar tuvimos que ayudarle a esquivar \u2014mientras que sujetaba nuestro brazo con su mano derecha y con la otra su bast\u00f3n gu\u00eda\u2014 un carrito de beb\u00e9, varias vallas provisionales en el arc\u00e9n y un perro atrapado con su bast\u00f3n, en un espacio inferior al metro lineal que hab\u00eda entre una de las gradas y la pared.<\/p>\n<p style=\"text-align: justify;\">Tambi\u00e9n en esta manzana vive Francisco, que relata c\u00f3mo la polic\u00eda ha pasado por su casa a identificarle a \u00e9l y a su mujer por la mera presencia del rey durante el pr\u00f3ximo s\u00e1bado. A esto, a\u00f1ade las molestias ocasionadas por el corte de la calle, que le obliga \u201ca dar un rodeo de m\u00e1s de 300 metros\u201d para cruzar a la acera de enfrente. Junto a esta incomodidad, Francisco explica que, al haber a\u00f1adido cuatro d\u00edas antes las gradas, tienen los accesos a los garajes bloqueados y que las calles aleda\u00f1as se encuentran cerradas impidiendo tanto el estacionamiento como la circulaci\u00f3n. Tambi\u00e9n critica la \u201cp\u00e9sima gesti\u00f3n informativa\u201d del Ayuntamiento, que ha hecho que no sepan qu\u00e9 van a encontrarse en los pr\u00f3ximos d\u00edas, ya que cada ma\u00f1ana se encuentra con una nueva circular de la polic\u00eda municipal \u201crestringiendo a\u00fan m\u00e1s nuestros derechos, sin que quede muy claro lo que implica, y cuando preguntas a la polic\u00eda tampoco lo tiene claro. Nos vamos enterando de todo por fasc\u00edculos\u201d. Por \u00faltimo, denuncia que no s\u00f3lo no les est\u00e1n informado debidamente, sino que adem\u00e1s tampoco pueden protestar porque \u201clas decisiones ya est\u00e1n tomadas\u201d y lamenta no poder colgar en su ventana una bandera republicana por miedo a ser multado \u201cni me voy a arriesgar a hacerlo, porque ya ha pasado antes y la \u2018ley mordaza est\u00e1\u2019 ah\u00ed\u201d.<\/p>\n<h2 style=\"text-align: justify;\">TRABAJO DIARIO EN \u201cLA ZONA 0\u201d<\/h2>\n<p style=\"text-align: justify;\">Desde Parques y Jardines comentan que no tienen m\u00e1s trabajo que el habitual; \u00fanicamente y por el desfile han adelantado dos semanas la reposici\u00f3n de plantas. Explican que desde el Ayuntamiento se ha comprado m\u00e1s planta que de habitual: unas 2.000 flores rojas y amarillas para esta ocasi\u00f3n, pero no toda esa planta, que ronda 50 c\u00e9ntimos la unidad, ser\u00e1 plantada en la zona centro de Logro\u00f1o, sino que unos 1.000 ejemplares podr\u00edan ser repartidos entre las logro\u00f1esas y logro\u00f1eses el d\u00eda del desfile.<\/p>\n<p style=\"text-align: justify;\">Una decena de militares del Ej\u00e9rcito de Tierra tambi\u00e9n se encuentra ya en Logro\u00f1o montando la megafon\u00eda en la calle Vara de Rey. Llegaron desde Madrid el 20 de mayo y est\u00e1n alojados en la base militar del ej\u00e9rcito de tierra.<br \/>\nDesde otras provincias, como Madrid y Toledo, tambi\u00e9n llegaron el lunes empresas externas para efectuar labores de montaje y acondicionamiento en las gradas y la tribuna real desde el martes a primera hora de la ma\u00f1ana.<br \/>\nEl Parque Municipal de Servicios \u2014unidad municipal tiene su centro de trabajo los funcionarios adscritos a obras, aguas, alumbrado, mec\u00e1nico, carpinter\u00eda, pintura y herrer\u00eda o metalister\u00eda\u2014 se\u00f1ala que lo que se est\u00e1 viviendo es muy similar al desarrollo que existe antes y durante las fiestas de San Bernab\u00e9 y la Vendimia en Logro\u00f1o, \u201ceso s\u00ed, en fiestas no quitamos farolas ni sem\u00e1foros\u201d.<\/p>\n<p style=\"text-align: justify;\">Es una carga muy parecida, por ejemplo, al montaje de los \u201cgrader\u00edos\u201d para el reparto del pan, el pez y el vino de junio y como en estas circunstancias existen \u201cgolpes de trabajo\u201d y los funcionarios \u201cse apuntan para realizar horas extraordinarias\u201d por la tarde.<\/p>\n<p style=\"text-align: justify;\">Reconocen que hay varios escenarios municipales que no han podido desmontar durante esta semana dado que \u201cdos personas\u201d que pudieran retirarlos supone \u201cdos personas menos aqu\u00ed y aqu\u00ed hay mucho jaleo\u201d porque \u201cla casa real es muy real\u201d.<\/p>\n<p style=\"text-align: justify;\">Lo que escucha esta unidad del Ayuntamiento de Logro\u00f1o por parte de los ciudadanos es que no tiene buzones, no tiene sem\u00e1foros y \u201cla gente pasa cuando puede y como puede por no tener que desplazarse 300 metros de ida y otros 300 de vuelta m\u00e1xime si una persona tiene 70 u 80 a\u00f1os y est\u00e1n que muerden\u201d.<\/p>\n<p style=\"text-align: justify;\">Tambi\u00e9n afirman que la polic\u00eda est\u00e1 cansada de decir a la gente por d\u00f3nde tiene que pasar, pero que la gente no le hace caso \u201cy yo lo entiendo\u201d.<\/p>\n<p style=\"text-align: justify;\">Este funcionario cree que si le hubieran explicado los pros y contras de esta actividad y se hubiera sacado a refer\u00e9ndum \u201cquiz\u00e1 la gente hubiera votado que no porque el d\u00eda de las Fuerzas Armadas es muy bonito y tiene mucha repercusi\u00f3n, pero para las personas que viven o caminan por esta zona\u2026\u201d.<\/p>\n<p style=\"text-align: justify;\">Fuente:\u00a0<a href=\"https:\/\/www.elsaltodiario.com\/dia-fuerzas-armadas\/coste-desfile-militar-duplica-2017-cuatriplica-2016\">https:\/\/www.elsaltodiario.com\/dia-fuerzas-armadas\/coste-desfile-militar-duplica-2017-cuatriplica-2016<\/a><\/p>\n","protected":false},"excerpt":{"rendered":"<p>El coste del desfile militar con motivo del d\u00eda de las Fuerzas Armadas que recorrer\u00e1 las calles de Logro\u00f1o el pr\u00f3ximo 26 de mayo duplica el de 2017 y cuatriplica el de 2016, ascendiendo a 733.796 euros. Las molestias ocasionadas &hellip; <a href=\"https:\/\/cgtcantabria.org\/wp\/?p=8610\">Sigue leyendo <span class=\"meta-nav\">&rarr;<\/span><\/a><\/p>\n","protected":false},"author":19,"featured_media":0,"comment_status":"open","ping_status":"open","sticky":false,"template":"","format":"gallery","meta":{"footnotes":""},"categories":[16],"tags":[],"class_list":["post-8610","post","type-post","status-publish","format-gallery","hentry","category-accion-social","post_format-post-format-gallery"],"_links":{"self":[{"href":"https:\/\/cgtcantabria.org\/wp\/index.php?rest_route=\/wp\/v2\/posts\/8610","targetHints":{"allow":["GET"]}}],"collection":[{"href":"https:\/\/cgtcantabria.org\/wp\/index.php?rest_route=\/wp\/v2\/posts"}],"about":[{"href":"https:\/\/cgtcantabria.org\/wp\/index.php?rest_route=\/wp\/v2\/types\/post"}],"author":[{"embeddable":true,"href":"https:\/\/cgtcantabria.org\/wp\/index.php?rest_route=\/wp\/v2\/users\/19"}],"replies":[{"embeddable":true,"href":"https:\/\/cgtcantabria.org\/wp\/index.php?rest_route=%2Fwp%2Fv2%2Fcomments&post=8610"}],"version-history":[{"count":1,"href":"https:\/\/cgtcantabria.org\/wp\/index.php?rest_route=\/wp\/v2\/posts\/8610\/revisions"}],"predecessor-version":[{"id":8612,"href":"https:\/\/cgtcantabria.org\/wp\/index.php?rest_route=\/wp\/v2\/posts\/8610\/revisions\/8612"}],"wp:attachment":[{"href":"https:\/\/cgtcantabria.org\/wp\/index.php?rest_route=%2Fwp%2Fv2%2Fmedia&parent=8610"}],"wp:term":[{"taxonomy":"category","embeddable":true,"href":"https:\/\/cgtcantabria.org\/wp\/index.php?rest_route=%2Fwp%2Fv2%2Fcategories&post=8610"},{"taxonomy":"post_tag","embeddable":true,"href":"https:\/\/cgtcantabria.org\/wp\/index.php?rest_route=%2Fwp%2Fv2%2Ftags&post=8610"}],"curies":[{"name":"wp","href":"https:\/\/api.w.org\/{rel}","templated":true}]}}