{"id":8629,"date":"2018-06-07T07:33:48","date_gmt":"2018-06-07T05:33:48","guid":{"rendered":"http:\/\/cgtcantabria.org\/wp\/?p=8629"},"modified":"2018-06-07T07:33:48","modified_gmt":"2018-06-07T05:33:48","slug":"golpeemos-a-la-contaminacion-plastica","status":"publish","type":"post","link":"https:\/\/cgtcantabria.org\/wp\/?p=8629","title":{"rendered":"Golpeemos a la contaminaci\u00f3n pl\u00e1stica"},"content":{"rendered":"<h2 style=\"text-align: center;\">Comunicado de CGT ante el D\u00eda Mundial del Mediambiente 2018<\/h2>\n<p style=\"text-align: justify;\"><a href=\"http:\/\/cgtcantabria.org\/wp\/wp-content\/uploads\/2018\/06\/2017070113552595478.jpg\"><img loading=\"lazy\" decoding=\"async\" class=\"size-medium wp-image-8630 alignleft\" src=\"http:\/\/cgtcantabria.org\/wp\/wp-content\/uploads\/2018\/06\/2017070113552595478-300x152.jpg\" alt=\"\" width=\"300\" height=\"152\" srcset=\"https:\/\/cgtcantabria.org\/wp\/wp-content\/uploads\/2018\/06\/2017070113552595478-300x152.jpg 300w, https:\/\/cgtcantabria.org\/wp\/wp-content\/uploads\/2018\/06\/2017070113552595478.jpg 730w\" sizes=\"auto, (max-width: 300px) 100vw, 300px\" \/><\/a>En el d\u00eda Mundial por el medioambiente, la Confederaci\u00f3n general del trabajo nos unimos a acci\u00f3n propuesta por la Asociaci\u00f3n Internacional anarquista contra el vertido de pl\u00e1sticos en nuestras aguas, r\u00edos, mares y oc\u00e9anos, no solo por el potencial altamente contaminante del pl\u00e1stico y por los da\u00f1os que produce en los animales que lo ingieren, si no tambi\u00e9n porque nos parece una conducta in-c\u00edvica el verter nada en el mar.<\/p>\n<p style=\"text-align: justify;\">Invitamos igualmente a la b\u00fasqueda de alternativas para evitar en la medida de lo posible la utilizaci\u00f3n de pl\u00e1sticos en nuestras vidas.<\/p>\n<p style=\"text-align: justify;\">La CGT desde nuestras se\u00f1as de identidad, nuestra acci\u00f3n sindical y social, hemos acordado poner en el centro de nuestras prioridades la vida humana y no humana. La ecolog\u00eda denuncia la guerra que el ser humano le ha declarado al medioambiente en el que habita, expoliando todos sus recursos, sin comprender que el tiempo y el medio en el que habitamos no nos pertenece, lo transitamos.<\/p>\n<p style=\"text-align: justify;\">Os animamos a sumaros a esta acci\u00f3n internacional en el D\u00eda Mundial por el medioambiente as\u00ed como a hacernos llegar vuestras acciones para su difusi\u00f3n.<\/p>\n<p>Salud y ecolog\u00eda!<\/p>\n<p style=\"text-align: right;\">Secretariado Permanente<\/p>\n<p style=\"text-align: right;\">Madrid, 5 de junio de 2018<\/p>\n","protected":false},"excerpt":{"rendered":"<p>Comunicado de CGT ante el D\u00eda Mundial del Mediambiente 2018 En el d\u00eda Mundial por el medioambiente, la Confederaci\u00f3n general del trabajo nos unimos a acci\u00f3n propuesta por la Asociaci\u00f3n Internacional anarquista contra el vertido de pl\u00e1sticos en nuestras aguas, &hellip; <a href=\"https:\/\/cgtcantabria.org\/wp\/?p=8629\">Sigue leyendo <span class=\"meta-nav\">&rarr;<\/span><\/a><\/p>\n","protected":false},"author":19,"featured_media":0,"comment_status":"open","ping_status":"open","sticky":false,"template":"","format":"gallery","meta":{"footnotes":""},"categories":[16,5],"tags":[],"class_list":["post-8629","post","type-post","status-publish","format-gallery","hentry","category-accion-social","category-comunicados","post_format-post-format-gallery"],"_links":{"self":[{"href":"https:\/\/cgtcantabria.org\/wp\/index.php?rest_route=\/wp\/v2\/posts\/8629","targetHints":{"allow":["GET"]}}],"collection":[{"href":"https:\/\/cgtcantabria.org\/wp\/index.php?rest_route=\/wp\/v2\/posts"}],"about":[{"href":"https:\/\/cgtcantabria.org\/wp\/index.php?rest_route=\/wp\/v2\/types\/post"}],"author":[{"embeddable":true,"href":"https:\/\/cgtcantabria.org\/wp\/index.php?rest_route=\/wp\/v2\/users\/19"}],"replies":[{"embeddable":true,"href":"https:\/\/cgtcantabria.org\/wp\/index.php?rest_route=%2Fwp%2Fv2%2Fcomments&post=8629"}],"version-history":[{"count":1,"href":"https:\/\/cgtcantabria.org\/wp\/index.php?rest_route=\/wp\/v2\/posts\/8629\/revisions"}],"predecessor-version":[{"id":8631,"href":"https:\/\/cgtcantabria.org\/wp\/index.php?rest_route=\/wp\/v2\/posts\/8629\/revisions\/8631"}],"wp:attachment":[{"href":"https:\/\/cgtcantabria.org\/wp\/index.php?rest_route=%2Fwp%2Fv2%2Fmedia&parent=8629"}],"wp:term":[{"taxonomy":"category","embeddable":true,"href":"https:\/\/cgtcantabria.org\/wp\/index.php?rest_route=%2Fwp%2Fv2%2Fcategories&post=8629"},{"taxonomy":"post_tag","embeddable":true,"href":"https:\/\/cgtcantabria.org\/wp\/index.php?rest_route=%2Fwp%2Fv2%2Ftags&post=8629"}],"curies":[{"name":"wp","href":"https:\/\/api.w.org\/{rel}","templated":true}]}}