{"id":8654,"date":"2018-06-15T08:44:36","date_gmt":"2018-06-15T06:44:36","guid":{"rendered":"http:\/\/cgtcantabria.org\/wp\/?p=8654"},"modified":"2018-06-14T14:46:39","modified_gmt":"2018-06-14T12:46:39","slug":"por-el-derecho-universal-a-la-huelga-ante-sus-propuestas-de-limitarnos-ni-un-paso-atras","status":"publish","type":"post","link":"https:\/\/cgtcantabria.org\/wp\/?p=8654","title":{"rendered":"Por el derecho universal a la huelga ante sus propuestas de limitarnos. Ni un paso atr\u00e1s"},"content":{"rendered":"<p style=\"text-align: justify;\">Desde la Confederaci\u00f3n General del Trabajo nos unimos al llamamiento a la movilizaci\u00f3n internacional que ha hecho la SAC para responder a la investigaci\u00f3n que el Gobierno Social Dem\u00f3crata Sueco est\u00e1 desarrollando estos d\u00edas para proponer limitar el derecho de Huelga en Suecia.<\/p>\n<p style=\"text-align: justify;\"><a href=\"http:\/\/cgtcantabria.org\/wp\/wp-content\/uploads\/2018\/06\/xsac-syndikalisterna-rund_imagelarge.jpg.pagespeed.ic_.hqNpXveW12.jpg\"><img loading=\"lazy\" decoding=\"async\" class=\"size-full wp-image-8655 alignleft\" src=\"http:\/\/cgtcantabria.org\/wp\/wp-content\/uploads\/2018\/06\/xsac-syndikalisterna-rund_imagelarge.jpg.pagespeed.ic_.hqNpXveW12.jpg\" alt=\"\" width=\"260\" height=\"260\" srcset=\"https:\/\/cgtcantabria.org\/wp\/wp-content\/uploads\/2018\/06\/xsac-syndikalisterna-rund_imagelarge.jpg.pagespeed.ic_.hqNpXveW12.jpg 260w, https:\/\/cgtcantabria.org\/wp\/wp-content\/uploads\/2018\/06\/xsac-syndikalisterna-rund_imagelarge.jpg.pagespeed.ic_.hqNpXveW12-150x150.jpg 150w\" sizes=\"auto, (max-width: 260px) 100vw, 260px\" \/><\/a>La propuesta del gobierno que se est\u00e1 perfilando plantea que si un sindicato acuerda en una negociaci\u00f3n colectiva que se restrinja el derecho a la Huelga, esta limitaci\u00f3n se haga extensiva a todos los dem\u00e1s sindicatos presentes en el centro de trabajo, obligando al resto de sindicatos a asumir lo que acuerde uno solo, en detrimento del derecho de Huelga y de los derechos sindicales.<\/p>\n<p style=\"text-align: justify;\">En CGT conocemos muy bien las traiciones que las grandes centrales sindicales hacen a la clase trabajadora, firmando convenios colectivos que merman derechos laborales de las plantillas y, por lo tanto, no podemos quedarnos impasibles ante est\u00e1s avanzadillas en la limitaci\u00f3n de los derechos sindicales que se pretenden plantear entre nuestras compa\u00f1eras vecinas.<\/p>\n<p style=\"text-align: justify;\">Solamente a trav\u00e9s de las huelgas y las movilizaciones de la clase trabajadora hemos logrado tener un m\u00ednimo de derechos laborales, que si bien nos parecen claramente insuficientes, no queremos dejar que nos roben ni uno solo. Y para defenderlos y proponer nuevas conquistas, la Huelga General es una herramienta b\u00e1sica de lucha.<\/p>\n<p style=\"text-align: justify;\">Por ello, nos sumaremos a las respuestas internacionales que en su defensa se planteen, y hacemos extensivo el llamamiento a la Huelga General en Suecia el 25 de agosto de 2018 y a la Manifestaci\u00f3n en columnas el mismo d\u00eda en Estocolmo.<\/p>\n<p style=\"text-align: center;\">POR EL DERECHO A LA HUELGA,<\/p>\n<p style=\"text-align: center;\">CONTRA EL MONOPOLIO DE LAS GRANDES CENTRALES SINDICALES.<\/p>\n<p style=\"text-align: center;\">SOLIDARIDAD, APOYO MUTUO, INTERNACIONALISMO Y HUELGA GENERAL.<\/p>\n<p style=\"text-align: right;\">Madrid, 13 de junio de 2018<\/p>\n<p style=\"text-align: right;\">Secretariado Permanente<\/p>\n","protected":false},"excerpt":{"rendered":"<p>Desde la Confederaci\u00f3n General del Trabajo nos unimos al llamamiento a la movilizaci\u00f3n internacional que ha hecho la SAC para responder a la investigaci\u00f3n que el Gobierno Social Dem\u00f3crata Sueco est\u00e1 desarrollando estos d\u00edas para proponer limitar el derecho de &hellip; <a href=\"https:\/\/cgtcantabria.org\/wp\/?p=8654\">Sigue leyendo <span class=\"meta-nav\">&rarr;<\/span><\/a><\/p>\n","protected":false},"author":19,"featured_media":0,"comment_status":"open","ping_status":"open","sticky":false,"template":"","format":"gallery","meta":{"footnotes":""},"categories":[15,5,25],"tags":[],"class_list":["post-8654","post","type-post","status-publish","format-gallery","hentry","category-accion-sindical","category-comunicados","category-internacional","post_format-post-format-gallery"],"_links":{"self":[{"href":"https:\/\/cgtcantabria.org\/wp\/index.php?rest_route=\/wp\/v2\/posts\/8654","targetHints":{"allow":["GET"]}}],"collection":[{"href":"https:\/\/cgtcantabria.org\/wp\/index.php?rest_route=\/wp\/v2\/posts"}],"about":[{"href":"https:\/\/cgtcantabria.org\/wp\/index.php?rest_route=\/wp\/v2\/types\/post"}],"author":[{"embeddable":true,"href":"https:\/\/cgtcantabria.org\/wp\/index.php?rest_route=\/wp\/v2\/users\/19"}],"replies":[{"embeddable":true,"href":"https:\/\/cgtcantabria.org\/wp\/index.php?rest_route=%2Fwp%2Fv2%2Fcomments&post=8654"}],"version-history":[{"count":1,"href":"https:\/\/cgtcantabria.org\/wp\/index.php?rest_route=\/wp\/v2\/posts\/8654\/revisions"}],"predecessor-version":[{"id":8656,"href":"https:\/\/cgtcantabria.org\/wp\/index.php?rest_route=\/wp\/v2\/posts\/8654\/revisions\/8656"}],"wp:attachment":[{"href":"https:\/\/cgtcantabria.org\/wp\/index.php?rest_route=%2Fwp%2Fv2%2Fmedia&parent=8654"}],"wp:term":[{"taxonomy":"category","embeddable":true,"href":"https:\/\/cgtcantabria.org\/wp\/index.php?rest_route=%2Fwp%2Fv2%2Fcategories&post=8654"},{"taxonomy":"post_tag","embeddable":true,"href":"https:\/\/cgtcantabria.org\/wp\/index.php?rest_route=%2Fwp%2Fv2%2Ftags&post=8654"}],"curies":[{"name":"wp","href":"https:\/\/api.w.org\/{rel}","templated":true}]}}