{"id":8676,"date":"2018-06-22T08:47:55","date_gmt":"2018-06-22T06:47:55","guid":{"rendered":"http:\/\/cgtcantabria.org\/wp\/?p=8676"},"modified":"2018-06-21T19:51:56","modified_gmt":"2018-06-21T17:51:56","slug":"el-gobierno-de-trump-encierra-a-los-hijos-de-inmigrantes-sin-papeles-en-jaulas-para-presionar-a-sus-padres","status":"publish","type":"post","link":"https:\/\/cgtcantabria.org\/wp\/?p=8676","title":{"rendered":"El Gobierno de Trump encierra a los hijos de inmigrantes sin papeles en jaulas para presionar a sus padres"},"content":{"rendered":"<p style=\"text-align: justify;\">El Gobierno de Trump cree haber encontrado el arma definitiva para reducir la llegada de inmigrantes latinoamericanos por la frontera sur: secuestrar a sus hijos. Desde que se puso en pr\u00e1ctica esta pol\u00edtica, cerca de 2.000 ni\u00f1os han sido internados en centros inapropiados para su situaci\u00f3n donde no reciben la atenci\u00f3n necesaria. El Gobierno parte de la base de que sus padres son delincuentes y por tanto no pueden tener con ellos a sus hijos, que pasan a caer bajo la custodia del Estado.<\/p>\n<p style=\"text-align: justify;\"><a href=\"http:\/\/cgtcantabria.org\/wp\/wp-content\/uploads\/2018\/06\/jaulas-nin\u0303os-e1529359706203.jpg\"><img loading=\"lazy\" decoding=\"async\" class=\"alignnone wp-image-8680 size-full\" src=\"http:\/\/cgtcantabria.org\/wp\/wp-content\/uploads\/2018\/06\/jaulas-nin\u0303os-e1529359706203.jpg\" alt=\"\" width=\"630\" height=\"354\" srcset=\"https:\/\/cgtcantabria.org\/wp\/wp-content\/uploads\/2018\/06\/jaulas-nin\u0303os-e1529359706203.jpg 630w, https:\/\/cgtcantabria.org\/wp\/wp-content\/uploads\/2018\/06\/jaulas-nin\u0303os-e1529359706203-300x169.jpg 300w\" sizes=\"auto, (max-width: 630px) 100vw, 630px\" \/><\/a>Es un chantaje con base legal. Si los padres aceptan ser deportados sin recurrir a los tribunales, les devolver\u00e1n a sus hijos para que abandonen juntos el pa\u00eds.<\/p>\n<p style=\"text-align: justify;\">Propublica\u00a0ha conseguido una grabaci\u00f3n de audio\u00a0en la que se oyen las voces de ni\u00f1os de corta edad que llaman llorando a sus padres. Se oye tambi\u00e9n a un agente de la Patrulla de Fronteras decir: \u201cBueno, aqu\u00ed tenemos una orquesta\u201d.<\/p>\n<p style=\"text-align: justify;\">\n<p style=\"text-align: justify;\">Encerrar a los menores tiene otro destinatario: los congresistas dem\u00f3cratas. Trump quiere obligarles a que acepten un acuerdo presupuestario que subvencione con fondos p\u00fablicos la construcci\u00f3n del muro en la frontera con M\u00e9xico. \u201cLos dem\u00f3cratas tienen que cambiar la ley. Es su ley\u201d, dijo Trump el viernes. Es un aviso singular, porque sus compatriotas tienen que saber que el presidente del pa\u00eds es republicano y que las dos c\u00e1maras del Congreso est\u00e1n controladas por republicanos.<\/p>\n<p style=\"text-align: justify;\">Las administraciones anteriores de George Bush y Barack Obama nunca aplicaron esta pol\u00edtica.<\/p>\n<p style=\"text-align: justify;\">Estas son las jaulas en las que est\u00e1n metiendo a los ni\u00f1os, adem\u00e1s de a sus familias. La Administraci\u00f3n hizo el domingo una visita guiada para los medios de comunicaci\u00f3n en Texas,\u00a0relatada aqu\u00ed\u00a0por un periodista del Post. Un almac\u00e9n ha sido acondicionado para instalar jaulas met\u00e1licas con vallas donde se coloca a los detenidos. En cada una de ellas sobre un suelo de cemento, se coloca a unos veinte o m\u00e1s menores y se les entrega mantas hechas con material aislante, una colchoneta, agua embotellada y comida. En ese centro hab\u00eda 1.100 inmigrantes indocumentados, incluidos cerca de 200 menores.<\/p>\n<p style=\"text-align: justify;\">\u201cLos detenidos son separados por grupos. En uno est\u00e1n los ni\u00f1os y adolescentes no acompa\u00f1ados de 17 a\u00f1os o menos, en otro ni\u00f1as y adolescentes no acompa\u00f1ados de 17 a\u00f1os o menos, en otro los hombres con sus familias, y en otro las mujeres con sus familias\u201d, dice el art\u00edculo. Hay cuatro asistentes sociales para todo el grupo de menores en estas instalaciones de Texas. Las autoridades dicen que no es correcto llamarles jaulas.<\/p>\n<p style=\"text-align: justify;\">Una representante de una ONG que visit\u00f3 ese centro cont\u00f3 a la agencia AP que\u00a0hab\u00eda hablado con una chica\u00a0presa de 16 a\u00f1os que se hab\u00eda estado ocupando de una ni\u00f1a durante los \u00faltimos tres d\u00edas. \u201cTuvo que ense\u00f1ar a otras chicas en la celda para que le cambiaran el pa\u00f1al. Estaba tan traumatizada que casi no hablaba\u201d.<\/p>\n<p style=\"text-align: justify;\">Esta era una visita preparada para congresistas y periodistas a un centro elegido por el Gobierno. No se permiti\u00f3 a los periodistas sacar fotos. Las im\u00e1genes del lugar fueron facilitadas por la Administraci\u00f3n.<\/p>\n<p style=\"text-align: justify;\">En otros centros, los ni\u00f1os han sido separados de sus padres o madres, en algunos casos enga\u00f1\u00e1ndoles.\u00a0Esto contaba la responsable\u00a0de una organizaci\u00f3n ben\u00e9fica que presenci\u00f3 esas situaciones:<\/p>\n<blockquote><p>\u201cA veces dicen a los padres, \u2018nos llevamos a su hijo\u2019. Y cuando los padres preguntan, \u2018\u00bfcu\u00e1ndo nos lo devolver\u00e1n?\u2019, les responden, \u2018no podemos dec\u00edrselo\u2019. En otros casos, vemos que no les comunican que se van a llevar a sus hijos. Por el contrario, el agente dice, \u2018voy a llevarme a su hijo para que lo ba\u00f1en\u2019. Hablaba con una madre y ella dijo, \u2018no se lleven a mi hijo\u2019, y el ni\u00f1o comenz\u00f3 a gritar y vomitar y llorar de forma hist\u00e9rica. Ella pregunt\u00f3 a los agentes, \u2018\u00bfPuedo estar con \u00e9l al menos cinco minutos para tranquilizarlo?\u2019. Le dijeron que no\u201d.<\/p><\/blockquote>\n<blockquote class=\"twitter-tweet\" data-partner=\"tweetdeck\"><p>\u2014 Joaquin Castro (@JoaquinCastrotx)\u00a0June 18, 2018<\/p><\/blockquote>\n<p style=\"text-align: justify;\">Seg\u00fan un congresista de Texas, el ni\u00f1o m\u00e1s peque\u00f1o que ha visto tiene ocho meses y lleva un mes en un centro de este tipo. En teor\u00eda, nadie debe estar en estos lugares m\u00e1s de 72 horas, pero la acumulaci\u00f3n de casos ha hecho que muchas personas, tambi\u00e9n ni\u00f1os,\u00a0lleven meses en ellos.<\/p>\n<p style=\"text-align: justify;\">En un art\u00edculo publicado en The Washington Post,\u00a0Laura Bush escribe\u00a0que \u201cestas im\u00e1genes recuerdan de forma siniestra a los campos de internamiento de los americanos de origen japon\u00e9s en la Segunda Guerra Mundial, que son considerados ahora uno de los episodios m\u00e1s vergonzosos de la historia de Estados Unidos\u201d<\/p>\n<p style=\"text-align: justify;\">Fuente:\u00a0<a href=\"http:\/\/www.briega.org\/es\/noticias\/gobierno-trump-encierra-a-hijos-inmigrantes-sin-papeles-jaulas-para-presionar-a-sus-padres\">http:\/\/www.briega.org\/es\/noticias\/gobierno-trump-encierra-a-hijos-inmigrantes-sin-papeles-jaulas-para-presionar-a-sus-padres<\/a><\/p>\n","protected":false},"excerpt":{"rendered":"<p>El Gobierno de Trump cree haber encontrado el arma definitiva para reducir la llegada de inmigrantes latinoamericanos por la frontera sur: secuestrar a sus hijos. Desde que se puso en pr\u00e1ctica esta pol\u00edtica, cerca de 2.000 ni\u00f1os han sido internados &hellip; <a href=\"https:\/\/cgtcantabria.org\/wp\/?p=8676\">Sigue leyendo <span class=\"meta-nav\">&rarr;<\/span><\/a><\/p>\n","protected":false},"author":19,"featured_media":0,"comment_status":"open","ping_status":"open","sticky":false,"template":"","format":"gallery","meta":{"footnotes":""},"categories":[16],"tags":[],"class_list":["post-8676","post","type-post","status-publish","format-gallery","hentry","category-accion-social","post_format-post-format-gallery"],"_links":{"self":[{"href":"https:\/\/cgtcantabria.org\/wp\/index.php?rest_route=\/wp\/v2\/posts\/8676","targetHints":{"allow":["GET"]}}],"collection":[{"href":"https:\/\/cgtcantabria.org\/wp\/index.php?rest_route=\/wp\/v2\/posts"}],"about":[{"href":"https:\/\/cgtcantabria.org\/wp\/index.php?rest_route=\/wp\/v2\/types\/post"}],"author":[{"embeddable":true,"href":"https:\/\/cgtcantabria.org\/wp\/index.php?rest_route=\/wp\/v2\/users\/19"}],"replies":[{"embeddable":true,"href":"https:\/\/cgtcantabria.org\/wp\/index.php?rest_route=%2Fwp%2Fv2%2Fcomments&post=8676"}],"version-history":[{"count":2,"href":"https:\/\/cgtcantabria.org\/wp\/index.php?rest_route=\/wp\/v2\/posts\/8676\/revisions"}],"predecessor-version":[{"id":8681,"href":"https:\/\/cgtcantabria.org\/wp\/index.php?rest_route=\/wp\/v2\/posts\/8676\/revisions\/8681"}],"wp:attachment":[{"href":"https:\/\/cgtcantabria.org\/wp\/index.php?rest_route=%2Fwp%2Fv2%2Fmedia&parent=8676"}],"wp:term":[{"taxonomy":"category","embeddable":true,"href":"https:\/\/cgtcantabria.org\/wp\/index.php?rest_route=%2Fwp%2Fv2%2Fcategories&post=8676"},{"taxonomy":"post_tag","embeddable":true,"href":"https:\/\/cgtcantabria.org\/wp\/index.php?rest_route=%2Fwp%2Fv2%2Ftags&post=8676"}],"curies":[{"name":"wp","href":"https:\/\/api.w.org\/{rel}","templated":true}]}}