{"id":8692,"date":"2018-06-25T08:23:29","date_gmt":"2018-06-25T06:23:29","guid":{"rendered":"http:\/\/cgtcantabria.org\/wp\/?p=8692"},"modified":"2018-06-25T07:28:38","modified_gmt":"2018-06-25T05:28:38","slug":"resolucion-del-comite-confederal","status":"publish","type":"post","link":"https:\/\/cgtcantabria.org\/wp\/?p=8692","title":{"rendered":"Resoluci\u00f3n del Comit\u00e9 Confederal"},"content":{"rendered":"<p><a href=\"http:\/\/cgtcantabria.org\/wp\/wp-content\/uploads\/2018\/06\/DMf5ZJ4VAAE_8Qz.png\"><img loading=\"lazy\" decoding=\"async\" class=\" wp-image-8693 alignleft\" src=\"http:\/\/cgtcantabria.org\/wp\/wp-content\/uploads\/2018\/06\/DMf5ZJ4VAAE_8Qz-218x300.png\" alt=\"\" width=\"81\" height=\"112\" srcset=\"https:\/\/cgtcantabria.org\/wp\/wp-content\/uploads\/2018\/06\/DMf5ZJ4VAAE_8Qz-218x300.png 218w, https:\/\/cgtcantabria.org\/wp\/wp-content\/uploads\/2018\/06\/DMf5ZJ4VAAE_8Qz.png 436w\" sizes=\"auto, (max-width: 81px) 100vw, 81px\" \/><\/a>El Comit\u00e9 Confederal de la Confederaci\u00f3n General del Trabajo (CGT), reunido en Plenaria el 21 de Junio de 2018, acuerda por unanimidad la siguiente:<\/p>\n<h3 style=\"text-align: center;\"><strong>RESOLUCI\u00d3N<\/strong><\/h3>\n<p style=\"text-align: justify;\">\u2022 La CGT\u00a0 lucha y, siempre lo ha hecho, contra todas las desigualdades sociales y, especialmente, contra las de g\u00e9nero y las violencias machistas en todas sus manifestaciones. Lo ha demostrado durante toda su trayectoria y lo ha recalcado en momentos recientes, junto a las organizaciones feministas. Ello forma parte de nuestras se\u00f1as de identidad.<\/p>\n<p style=\"text-align: justify;\">\u2022 La CGT es una organizaci\u00f3n aut\u00f3noma y soberana para tomar sus propias decisiones, desde sus estatutos, acuerdos y mecanismos org\u00e1nicos de funcionamiento, aprobados en sus Congresos y en sus diversos comicios, a trav\u00e9s de f\u00f3rmulas de democracia directa, tras los oportunos debates y la consiguiente toma de decisiones por las personas afiliadas, los sindicatos y los dem\u00e1s entes que la integran.<\/p>\n<p style=\"text-align: justify;\">\u2022 No vamos a permitir que otras organizaciones, grandes o peque\u00f1as, nos pretendan impartir lecciones y, mucho menos, nos condicionen para resolver nuestros problemas internos, ni en esta cuesti\u00f3n ni en ninguna otra. Quien esto intenta, adem\u00e1s de evidenciar su enemistad e inquina con la CGT, deber\u00e1 asumir la contundencia de nuestra respuesta confederal, pues CGT jam\u00e1s se ha inmiscuido en los conflictos internos de ninguna organizaci\u00f3n o colectivo.<\/p>\n<p style=\"text-align: justify;\">\u2022 Entre nuestros mecanismos de debate, toma de acuerdos y resoluci\u00f3n de problemas, no est\u00e1 hacerlo a trav\u00e9s de las redes sociales, en los tweets, facebook, webs, etc\u2026 de entes de CGT. Tenemos foros, protocolos, comicios, comisiones de garant\u00edas y \u00f3rganos suficientes para abordarlos internamente, sin intrusiones ajenas que siempre son perversas e interesadas.<\/p>\n<p style=\"text-align: justify;\">\u2022 Contamos con Acuerdos org\u00e1nicos para que las personas y entes que forman la CGT no utilicen estos espacios p\u00fablicos para difundir nuestros conflictos internos, y para que respeten los acuerdos y mecanismos de los que nos hemos dotado, o bien asuman las consecuencias que se establecen en nuestros estatutos.<\/p>\n<p style=\"text-align: justify;\">\u2022 Desde este Comit\u00e9 Confederal se insta a todos los entes que forman la CGT para que impidan estas din\u00e1micas en sus \u00e1mbitos, as\u00ed como el uso incorrecto de nuestras siglas y anagramas por entes y personas a quienes no corresponde hablar ni actuar en nuestro nombre.<\/p>\n<p style=\"text-align: right;\">viernes, 22 de junio de 2018<\/p>\n","protected":false},"excerpt":{"rendered":"<p>El Comit\u00e9 Confederal de la Confederaci\u00f3n General del Trabajo (CGT), reunido en Plenaria el 21 de Junio de 2018, acuerda por unanimidad la siguiente: RESOLUCI\u00d3N \u2022 La CGT\u00a0 lucha y, siempre lo ha hecho, contra todas las desigualdades sociales y, &hellip; <a href=\"https:\/\/cgtcantabria.org\/wp\/?p=8692\">Sigue leyendo <span class=\"meta-nav\">&rarr;<\/span><\/a><\/p>\n","protected":false},"author":19,"featured_media":0,"comment_status":"open","ping_status":"open","sticky":false,"template":"","format":"gallery","meta":{"footnotes":""},"categories":[16],"tags":[],"class_list":["post-8692","post","type-post","status-publish","format-gallery","hentry","category-accion-social","post_format-post-format-gallery"],"_links":{"self":[{"href":"https:\/\/cgtcantabria.org\/wp\/index.php?rest_route=\/wp\/v2\/posts\/8692","targetHints":{"allow":["GET"]}}],"collection":[{"href":"https:\/\/cgtcantabria.org\/wp\/index.php?rest_route=\/wp\/v2\/posts"}],"about":[{"href":"https:\/\/cgtcantabria.org\/wp\/index.php?rest_route=\/wp\/v2\/types\/post"}],"author":[{"embeddable":true,"href":"https:\/\/cgtcantabria.org\/wp\/index.php?rest_route=\/wp\/v2\/users\/19"}],"replies":[{"embeddable":true,"href":"https:\/\/cgtcantabria.org\/wp\/index.php?rest_route=%2Fwp%2Fv2%2Fcomments&post=8692"}],"version-history":[{"count":1,"href":"https:\/\/cgtcantabria.org\/wp\/index.php?rest_route=\/wp\/v2\/posts\/8692\/revisions"}],"predecessor-version":[{"id":8694,"href":"https:\/\/cgtcantabria.org\/wp\/index.php?rest_route=\/wp\/v2\/posts\/8692\/revisions\/8694"}],"wp:attachment":[{"href":"https:\/\/cgtcantabria.org\/wp\/index.php?rest_route=%2Fwp%2Fv2%2Fmedia&parent=8692"}],"wp:term":[{"taxonomy":"category","embeddable":true,"href":"https:\/\/cgtcantabria.org\/wp\/index.php?rest_route=%2Fwp%2Fv2%2Fcategories&post=8692"},{"taxonomy":"post_tag","embeddable":true,"href":"https:\/\/cgtcantabria.org\/wp\/index.php?rest_route=%2Fwp%2Fv2%2Ftags&post=8692"}],"curies":[{"name":"wp","href":"https:\/\/api.w.org\/{rel}","templated":true}]}}