{"id":8701,"date":"2018-06-27T14:28:28","date_gmt":"2018-06-27T12:28:28","guid":{"rendered":"http:\/\/cgtcantabria.org\/wp\/?p=8701"},"modified":"2018-06-27T07:32:10","modified_gmt":"2018-06-27T05:32:10","slug":"se-vende-sanidad-publica","status":"publish","type":"post","link":"https:\/\/cgtcantabria.org\/wp\/?p=8701","title":{"rendered":"Se vende sanidad p\u00fablica"},"content":{"rendered":"<p style=\"text-align: justify;\"><a href=\"http:\/\/cgtcantabria.org\/wp\/wp-content\/uploads\/2018\/06\/cover-44461-236x367.jpg\"><img loading=\"lazy\" decoding=\"async\" class=\" wp-image-8702 alignleft\" src=\"http:\/\/cgtcantabria.org\/wp\/wp-content\/uploads\/2018\/06\/cover-44461-236x367-193x300.jpg\" alt=\"\" width=\"113\" height=\"176\" srcset=\"https:\/\/cgtcantabria.org\/wp\/wp-content\/uploads\/2018\/06\/cover-44461-236x367-193x300.jpg 193w, https:\/\/cgtcantabria.org\/wp\/wp-content\/uploads\/2018\/06\/cover-44461-236x367.jpg 236w\" sizes=\"auto, (max-width: 113px) 100vw, 113px\" \/><\/a>Entrevista con Juan Antonio G\u00f3mez Li\u00e9bana, coordinador del libro Se Vende Sanidad P\u00fablica. Un libro colectivo, donde se relatan las luchas de los \u00faltimos a\u00f1os por un sistema de sanitario de calidad, contadas por sus propios&#8230;<\/p>\n<p style=\"text-align: justify;\"><iframe loading=\"lazy\" id=\"audio_19185172\" style=\"border: 1px solid #EEE; box-sizing: border-box; width: 100%;\" src=\"https:\/\/www.ivoox.com\/player_ej_19185172_4_1.html?c1=ff6600\" width=\"300\" height=\"200\" frameborder=\"0\" scrolling=\"no\" allowfullscreen=\"allowfullscreen\"><\/iframe><\/p>\n<p style=\"text-align: justify;\">Fuente:<a href=\"http:\/\/www.briega.org\/es\/audios\/se-vende-sanidad-publica\">\u00a0http:\/\/www.briega.org\/es\/audios\/se-vende-sanidad-publica<\/a><\/p>\n","protected":false},"excerpt":{"rendered":"<p>Entrevista con Juan Antonio G\u00f3mez Li\u00e9bana, coordinador del libro Se Vende Sanidad P\u00fablica. Un libro colectivo, donde se relatan las luchas de los \u00faltimos a\u00f1os por un sistema de sanitario de calidad, contadas por sus propios&#8230; Fuente:\u00a0http:\/\/www.briega.org\/es\/audios\/se-vende-sanidad-publica<\/p>\n","protected":false},"author":19,"featured_media":0,"comment_status":"open","ping_status":"open","sticky":false,"template":"","format":"gallery","meta":{"footnotes":""},"categories":[16,28],"tags":[],"class_list":["post-8701","post","type-post","status-publish","format-gallery","hentry","category-accion-social","category-audio","post_format-post-format-gallery"],"_links":{"self":[{"href":"https:\/\/cgtcantabria.org\/wp\/index.php?rest_route=\/wp\/v2\/posts\/8701","targetHints":{"allow":["GET"]}}],"collection":[{"href":"https:\/\/cgtcantabria.org\/wp\/index.php?rest_route=\/wp\/v2\/posts"}],"about":[{"href":"https:\/\/cgtcantabria.org\/wp\/index.php?rest_route=\/wp\/v2\/types\/post"}],"author":[{"embeddable":true,"href":"https:\/\/cgtcantabria.org\/wp\/index.php?rest_route=\/wp\/v2\/users\/19"}],"replies":[{"embeddable":true,"href":"https:\/\/cgtcantabria.org\/wp\/index.php?rest_route=%2Fwp%2Fv2%2Fcomments&post=8701"}],"version-history":[{"count":1,"href":"https:\/\/cgtcantabria.org\/wp\/index.php?rest_route=\/wp\/v2\/posts\/8701\/revisions"}],"predecessor-version":[{"id":8703,"href":"https:\/\/cgtcantabria.org\/wp\/index.php?rest_route=\/wp\/v2\/posts\/8701\/revisions\/8703"}],"wp:attachment":[{"href":"https:\/\/cgtcantabria.org\/wp\/index.php?rest_route=%2Fwp%2Fv2%2Fmedia&parent=8701"}],"wp:term":[{"taxonomy":"category","embeddable":true,"href":"https:\/\/cgtcantabria.org\/wp\/index.php?rest_route=%2Fwp%2Fv2%2Fcategories&post=8701"},{"taxonomy":"post_tag","embeddable":true,"href":"https:\/\/cgtcantabria.org\/wp\/index.php?rest_route=%2Fwp%2Fv2%2Ftags&post=8701"}],"curies":[{"name":"wp","href":"https:\/\/api.w.org\/{rel}","templated":true}]}}