{"id":8739,"date":"2018-07-06T08:23:44","date_gmt":"2018-07-06T06:23:44","guid":{"rendered":"http:\/\/cgtcantabria.org\/wp\/?p=8739"},"modified":"2018-07-06T07:26:11","modified_gmt":"2018-07-06T05:26:11","slug":"cgt-denuncia-la-represion-tortura-y-condena-de-las-personas-presas-de-conciencia-en-el-estado-marroqui","status":"publish","type":"post","link":"https:\/\/cgtcantabria.org\/wp\/?p=8739","title":{"rendered":"CGT denuncia la represi\u00f3n, tortura y condena de las personas presas de conciencia en el Estado marroqu\u00ed"},"content":{"rendered":"<p style=\"text-align: justify;\"><a href=\"http:\/\/cgtcantabria.org\/wp\/wp-content\/uploads\/2018\/07\/c8fa03baea094730acfca8246814a918-640x427.jpg\"><img loading=\"lazy\" decoding=\"async\" class=\"size-medium wp-image-8740 alignleft\" src=\"http:\/\/cgtcantabria.org\/wp\/wp-content\/uploads\/2018\/07\/c8fa03baea094730acfca8246814a918-640x427-300x200.jpg\" alt=\"\" width=\"300\" height=\"200\" srcset=\"https:\/\/cgtcantabria.org\/wp\/wp-content\/uploads\/2018\/07\/c8fa03baea094730acfca8246814a918-640x427-300x200.jpg 300w, https:\/\/cgtcantabria.org\/wp\/wp-content\/uploads\/2018\/07\/c8fa03baea094730acfca8246814a918-640x427.jpg 640w\" sizes=\"auto, (max-width: 300px) 100vw, 300px\" \/><\/a>La Confederaci\u00f3n General del Trabajo considera vergonzosa e infame la reciente condena de 1 a 20 a\u00f1os impuesta por el Tribunal de Apelaci\u00f3n de Casablanca a lxs activistas del movimiento popular rife\u00f1o, HIRAK.<\/p>\n<p style=\"text-align: justify;\">Esta sentencia de la in-justicia del estado marroqu\u00ed, que presumiblemente estaba decidida antes de iniciarse el juicio, no est\u00e1 solamente dirigida contra los presos pol\u00edticos del Rif, sino contra todo el pueblo marroqu\u00ed, al que se quiere atemorizar para que no luche por sus leg\u00edtimos derechos.<\/p>\n<p style=\"text-align: justify;\">Desde CGT calificamos todo el proceso como un JUICIO POL\u00cdTICO y a los presos como PRESOS DE CONCIENCIA, bas\u00e1ndose de forma exclusiva las condenas en confesiones presuntamente obtenidas mediante la tortura y los malos tratos.<\/p>\n<p style=\"text-align: justify;\">&#8211; Condenamos las graves y sistem\u00e1ticas violaciones de los derechos humanos perpetradas por las fuerzas represivas marroqu\u00edes contra la poblaci\u00f3n civil en general y, muy particularmente, contra los presos pol\u00edticos rife\u00f1os en prisi\u00f3n.<\/p>\n<p style=\"text-align: justify;\">&#8211; Denunciamos el silencio c\u00f3mplice del gobierno del stado espa\u00f1ol, estrecho colaborador del r\u00e9gimen dictatorial de Rabat<\/p>\n<p style=\"text-align: justify;\">&#8211; Expresamos nuestra solidaridad con las familiares de los presos condenados y su apoyo a las organizaciones que trabajan en su defensa.<\/p>\n<p style=\"text-align: justify;\">Desde CGT apoyamos las movilizaciones de denuncia de estas sentencias, as\u00ed como la denuncia de la represi\u00f3n del estado marroqu\u00ed.<\/p>\n<p style=\"text-align: center;\">MANIFESTARSE PARA EXIGIR TUS DERECHOS NO ES DELITO<\/p>\n<p style=\"text-align: center;\">AMNIST\u00cdA SOCIAL YA<\/p>\n<p style=\"text-align: right;\">Secretariado Permanente de CGT<\/p>\n<p>Madrid, 29 de Junio de 2018<\/p>\n","protected":false},"excerpt":{"rendered":"<p>La Confederaci\u00f3n General del Trabajo considera vergonzosa e infame la reciente condena de 1 a 20 a\u00f1os impuesta por el Tribunal de Apelaci\u00f3n de Casablanca a lxs activistas del movimiento popular rife\u00f1o, HIRAK. Esta sentencia de la in-justicia del estado &hellip; <a href=\"https:\/\/cgtcantabria.org\/wp\/?p=8739\">Sigue leyendo <span class=\"meta-nav\">&rarr;<\/span><\/a><\/p>\n","protected":false},"author":19,"featured_media":0,"comment_status":"open","ping_status":"open","sticky":false,"template":"","format":"gallery","meta":{"footnotes":""},"categories":[16,5,25],"tags":[],"class_list":["post-8739","post","type-post","status-publish","format-gallery","hentry","category-accion-social","category-comunicados","category-internacional","post_format-post-format-gallery"],"_links":{"self":[{"href":"https:\/\/cgtcantabria.org\/wp\/index.php?rest_route=\/wp\/v2\/posts\/8739","targetHints":{"allow":["GET"]}}],"collection":[{"href":"https:\/\/cgtcantabria.org\/wp\/index.php?rest_route=\/wp\/v2\/posts"}],"about":[{"href":"https:\/\/cgtcantabria.org\/wp\/index.php?rest_route=\/wp\/v2\/types\/post"}],"author":[{"embeddable":true,"href":"https:\/\/cgtcantabria.org\/wp\/index.php?rest_route=\/wp\/v2\/users\/19"}],"replies":[{"embeddable":true,"href":"https:\/\/cgtcantabria.org\/wp\/index.php?rest_route=%2Fwp%2Fv2%2Fcomments&post=8739"}],"version-history":[{"count":1,"href":"https:\/\/cgtcantabria.org\/wp\/index.php?rest_route=\/wp\/v2\/posts\/8739\/revisions"}],"predecessor-version":[{"id":8741,"href":"https:\/\/cgtcantabria.org\/wp\/index.php?rest_route=\/wp\/v2\/posts\/8739\/revisions\/8741"}],"wp:attachment":[{"href":"https:\/\/cgtcantabria.org\/wp\/index.php?rest_route=%2Fwp%2Fv2%2Fmedia&parent=8739"}],"wp:term":[{"taxonomy":"category","embeddable":true,"href":"https:\/\/cgtcantabria.org\/wp\/index.php?rest_route=%2Fwp%2Fv2%2Fcategories&post=8739"},{"taxonomy":"post_tag","embeddable":true,"href":"https:\/\/cgtcantabria.org\/wp\/index.php?rest_route=%2Fwp%2Fv2%2Ftags&post=8739"}],"curies":[{"name":"wp","href":"https:\/\/api.w.org\/{rel}","templated":true}]}}