{"id":8747,"date":"2018-07-09T12:25:03","date_gmt":"2018-07-09T10:25:03","guid":{"rendered":"http:\/\/cgtcantabria.org\/wp\/?p=8747"},"modified":"2018-07-09T12:25:03","modified_gmt":"2018-07-09T10:25:03","slug":"pge-2018-gobierne-quien-gobierne-los-derechos-se-defienden","status":"publish","type":"post","link":"https:\/\/cgtcantabria.org\/wp\/?p=8747","title":{"rendered":"PGE 2018 &#8211; \u201cGOBIERNE QUIEN GOBIERNE, LOS DERECHOS SE DEFIENDEN\u201d"},"content":{"rendered":"<p style=\"text-align: justify;\"><a href=\"http:\/\/cgtcantabria.org\/wp\/wp-content\/uploads\/2018\/07\/pge2018.png\"><img loading=\"lazy\" decoding=\"async\" class=\"size-medium wp-image-8748 alignleft\" src=\"http:\/\/cgtcantabria.org\/wp\/wp-content\/uploads\/2018\/07\/pge2018-300x160.png\" alt=\"\" width=\"300\" height=\"160\" srcset=\"https:\/\/cgtcantabria.org\/wp\/wp-content\/uploads\/2018\/07\/pge2018-300x160.png 300w, https:\/\/cgtcantabria.org\/wp\/wp-content\/uploads\/2018\/07\/pge2018.png 643w\" sizes=\"auto, (max-width: 300px) 100vw, 300px\" \/><\/a>El 4 de julio 2018, han sido publicados los PGE para este a\u00f1o. Que sean publicados por un gobierno del PSOE, no significa sino que son los<strong>\u00a0<\/strong>mismos PGE perge\u00f1ados, elaborados y aprobados por todos los partidos burgueses, incluidos los vascos y catalanes, los cuales\u00a0<strong>profundizan en la senda de la reducci\u00f3n del gasto p\u00fablico sobre el PIB,<\/strong>\u00a0que comenz\u00f3 en el 2010 con un gobierno PSOE.<\/p>\n<p style=\"text-align: justify;\">En su exposici\u00f3n de motivos lo dejan muy claro\u2026<em>\u201dlos PGE para 2018, contin\u00faan con la misi\u00f3n de seguir reduciendo el d\u00e9ficit p\u00fablico y cumplir los compromisos de consolidaci\u00f3n fiscal con la U\u20ac\u2026\u201d, \u201d\u2026respecto a los objetivos de estabilidad presupuestaria y de deuda p\u00fablica para el per\u00edodo 2018-2020, se siguen manteniendo los objetivos del d\u00e9ficit, de tal manera que en el 2020 todas las Administraciones P\u00fablicas, salvo la Seguridad Social, alcanzar\u00e1n el equilibrio presupuestario\u2026\u201d<\/em>, es decir, a cuenta de un d\u00e9ficit y de una deuda no p\u00fablica y fijados ambos criterios por Bruselas desde el 2010, el gasto p\u00fablico (pensiones, salarios de personal p\u00fablico, sanidad, educaci\u00f3n, dependencia, prestaciones de desempleo, etc.) se va a quedar en el 2021, solamente en el 38,6% del PIB, lo cual\u00a0<strong>supone el nivel m\u00e1s bajo en 12 a\u00f1os de \u201ccrisis-estafa\u201d<\/strong>\u00a0y nuestra diferencia en el cap\u00edtulo del gasto p\u00fablico respecto a la U\u20ac, se coloca en casi 7 puntos.<\/p>\n<p style=\"text-align: justify;\">Cumplir con la U\u20ac, como se viene haciendo desde el 2010 y la culminaci\u00f3n de la reforma del art\u00edculo 135 CE en el 2011, ha implicado efectos muy negativos sobre los derechos esenciales de las personas:\u00a0<strong>\u201c<em>el gasto en sanidad es aproximadamente inferior en 9.600 millones de euros al que exist\u00eda antes de los recortes<\/em>.\u00a0<em>En vivienda, 8.000 millones inferior; en educaci\u00f3n, 7.400 millones; en prestaciones por desempleo 7.200 millones; en cultura 5.700 millones, en familia e infancia, 2.700 millones, etc<\/em><\/strong><em>.\u201d<\/em><\/p>\n<p style=\"text-align: justify;\"><strong>El Estado Espa\u00f1ol, dedica casi 50.000 millones de \u20ac menos a la protecci\u00f3n social, que lo que aportan y se gastan la media de los pa\u00edses de la U\u20ac<\/strong>\u00a0y, esto solo es debido a la acci\u00f3n pol\u00edtica de los distintos gobiernos.<\/p>\n<p style=\"text-align: justify;\">Las pol\u00edticas econ\u00f3micas, fiscales, laborales y sociales de unos y otros gobiernos se han hecho a la medida del capital, tanto el financiero-especulativo, como el industrial y de servicios,\u00a0<strong>logrando un reparto tan desigual de la riqueza<\/strong>, que hasta los mismos organismo internacionales (OCDE, Comisi\u00f3n Europea), hacen llamadas de atenci\u00f3n sobre los \u201cdesprop\u00f3sitos, robos y desposesi\u00f3n\u201d que se han producido sobre salarios, pensiones, y prestaciones sociales como desempleo, a la vez que un gran incremento del gasto para la mayor\u00eda social, al tener que abonar pagos en las \u201cmedicinas\u201d, dedicar dineros \u201cque no se tienen\u201d a la educaci\u00f3n, a la dependencia, etc.<\/p>\n<p style=\"text-align: justify;\">Han instaurado\u00a0<strong>un estado permanente de<\/strong>\u00a0<strong><em>injusticia social,\u00a0<\/em><\/strong>donde los privilegios y el \u201crobo legal\u201d (m\u00e1s all\u00e1 de la corrupci\u00f3n) de una minor\u00eda, conforma un orden social autoritario y carente de libertad para la mayor\u00eda:\u00a0<strong>el sistema fiscal es soportado hasta en un 72% por las rentas provenientes del trabajo<\/strong>. Los beneficios empresariales con tasas superiores de incremento a las mejores de los a\u00f1os del \u201cladrillo y la especulaci\u00f3n\u201d, en cambio aportan menos de la mitad en impuestos a la Hacienda P\u00fablica, que lo que aportaban en el 2010. Las grandes corporaciones industriales, de comunicaci\u00f3n, de energ\u00eda, aportan a la Hacienda P\u00fablica, ni tan siquiera el 7% de las decenas de miles de millones de beneficios declarados en el 2017.<\/p>\n<p style=\"text-align: justify;\">Y esta situaci\u00f3n, se ha hecho\u00a0<em>en nombre del d\u00e9ficit y de la deuda, por cualesquiera de los gobiernos existentes desde el 2008<strong>;\u00a0<\/strong><\/em>y\u00a0<strong>el PSOE, conjuntamente con quienes le llevaron al poder<\/strong>,\u00a0<strong>esta convencido de continuar con id\u00e9nticas pol\u00edticas fiscales y econ\u00f3micas:\u00a0<\/strong>lo importante es cumplir con \u201cEuropa\u201d, lo de la derogaci\u00f3n de las reformas laborales; la derogaci\u00f3n inmediata de la ley mordaza y la amnist\u00eda social para todas las personas encausadas y\/o encarceladas por luchar por los derechos sociales y laborales; la reforma dr\u00e1stica del Impuesto de Sociedades y de Capitales; el blindaje del sistema de pensiones p\u00fablicas suficientes para todos y todas; la creaci\u00f3n de escuelas infantiles p\u00fablicas suficientes para toda la infancia de 0 a 3 a\u00f1os; la dotaci\u00f3n presupuestaria a niveles de dignidad de la ley de dependencia y la creaci\u00f3n de una red p\u00fablica, dotada de recursos humanos, personas cualificadas y suficientes, para cuidar y atender a todas nuestras personas mayores dependientes; etc.., eso tiene que esperar.<\/p>\n<p style=\"text-align: justify;\"><strong>CGT<\/strong>\u00a0se sigue reafirmando en esa voz colectiva que emerge cuando las personas toman la calle:\u00a0<strong><em>\u201cGobierne quien gobierne, los Derechos se defienden\u201d<\/em><\/strong>\u00a0y, para poder recuperar los Derechos robados<strong>, el \u00fanico camino es la lucha<\/strong>. En ello estamos.<\/p>\n<p><strong>\u00a0<\/strong><\/p>\n<p>SECRETARIADO PERMANENTE<\/p>\n","protected":false},"excerpt":{"rendered":"<p>El 4 de julio 2018, han sido publicados los PGE para este a\u00f1o. Que sean publicados por un gobierno del PSOE, no significa sino que son los\u00a0mismos PGE perge\u00f1ados, elaborados y aprobados por todos los partidos burgueses, incluidos los vascos &hellip; <a href=\"https:\/\/cgtcantabria.org\/wp\/?p=8747\">Sigue leyendo <span class=\"meta-nav\">&rarr;<\/span><\/a><\/p>\n","protected":false},"author":19,"featured_media":0,"comment_status":"open","ping_status":"open","sticky":false,"template":"","format":"gallery","meta":{"footnotes":""},"categories":[16,5],"tags":[],"class_list":["post-8747","post","type-post","status-publish","format-gallery","hentry","category-accion-social","category-comunicados","post_format-post-format-gallery"],"_links":{"self":[{"href":"https:\/\/cgtcantabria.org\/wp\/index.php?rest_route=\/wp\/v2\/posts\/8747","targetHints":{"allow":["GET"]}}],"collection":[{"href":"https:\/\/cgtcantabria.org\/wp\/index.php?rest_route=\/wp\/v2\/posts"}],"about":[{"href":"https:\/\/cgtcantabria.org\/wp\/index.php?rest_route=\/wp\/v2\/types\/post"}],"author":[{"embeddable":true,"href":"https:\/\/cgtcantabria.org\/wp\/index.php?rest_route=\/wp\/v2\/users\/19"}],"replies":[{"embeddable":true,"href":"https:\/\/cgtcantabria.org\/wp\/index.php?rest_route=%2Fwp%2Fv2%2Fcomments&post=8747"}],"version-history":[{"count":1,"href":"https:\/\/cgtcantabria.org\/wp\/index.php?rest_route=\/wp\/v2\/posts\/8747\/revisions"}],"predecessor-version":[{"id":8749,"href":"https:\/\/cgtcantabria.org\/wp\/index.php?rest_route=\/wp\/v2\/posts\/8747\/revisions\/8749"}],"wp:attachment":[{"href":"https:\/\/cgtcantabria.org\/wp\/index.php?rest_route=%2Fwp%2Fv2%2Fmedia&parent=8747"}],"wp:term":[{"taxonomy":"category","embeddable":true,"href":"https:\/\/cgtcantabria.org\/wp\/index.php?rest_route=%2Fwp%2Fv2%2Fcategories&post=8747"},{"taxonomy":"post_tag","embeddable":true,"href":"https:\/\/cgtcantabria.org\/wp\/index.php?rest_route=%2Fwp%2Fv2%2Ftags&post=8747"}],"curies":[{"name":"wp","href":"https:\/\/api.w.org\/{rel}","templated":true}]}}