{"id":8870,"date":"2018-08-27T10:18:58","date_gmt":"2018-08-27T08:18:58","guid":{"rendered":"http:\/\/cgtcantabria.org\/wp\/?p=8870"},"modified":"2018-08-27T10:18:58","modified_gmt":"2018-08-27T08:18:58","slug":"homenaje-y-recuerdo-a-los-espanoles-libertadores-de-paris","status":"publish","type":"post","link":"https:\/\/cgtcantabria.org\/wp\/?p=8870","title":{"rendered":"Homenaje y recuerdo a los espa\u00f1oles libertadores de Par\u00eds"},"content":{"rendered":"<p style=\"text-align: justify;\"><a href=\"http:\/\/cgtcantabria.org\/wp\/wp-content\/uploads\/2018\/08\/parisliberacion.jpg\"><img loading=\"lazy\" decoding=\"async\" class=\"size-full wp-image-8871 alignleft\" src=\"http:\/\/cgtcantabria.org\/wp\/wp-content\/uploads\/2018\/08\/parisliberacion.jpg\" alt=\"\" width=\"275\" height=\"275\" srcset=\"https:\/\/cgtcantabria.org\/wp\/wp-content\/uploads\/2018\/08\/parisliberacion.jpg 275w, https:\/\/cgtcantabria.org\/wp\/wp-content\/uploads\/2018\/08\/parisliberacion-150x150.jpg 150w\" sizes=\"auto, (max-width: 275px) 100vw, 275px\" \/><\/a>El d\u00eda 24 de agosto se realiza un acto de homenaje a quienes liberaron Par\u00eds en el Jard\u00edn de los Combatientes de La Nueve.<\/p>\n<p style=\"text-align: justify;\">El d\u00eda 24 de agosto de 1944 antiguos milicianos espa\u00f1oles entraron formando parte de la 2\u00aa Divisi\u00f3n del General Lecrec, la conocida \u00abLa Nueve\u00bb. Con nombres de batallas de la guerra espa\u00f1ola en las cabeceras de los tanques entraron en Par\u00eds.<\/p>\n<p style=\"text-align: justify;\">\u00ab \u00bfQuien eran estos soldados de la Libertad ? \u00bb<\/p>\n<p style=\"text-align: justify;\">La asociaci\u00f3n 24 de agosto de 1944, se complace en invitarle al homenaje hizo a los antifascistas espa\u00f1oles de la Nueve (9\u00aa compa\u00f1\u00eda de la 2e DB del General Leclerc) que participaron a liberar Par\u00eds,<\/p>\n<p style=\"text-align: justify;\">El viernes 24 de agosto de 2018,<\/p>\n<p style=\"text-align: justify;\">a partir de las cinco de la tarde (17h) frente al jard\u00edn de los combatientes de la Nueve<\/p>\n<p style=\"text-align: justify;\">3 calle de Lobau 75004 Paris (m\u00e9tro H\u00f4tel de Ville)<\/p>\n<p style=\"text-align: justify;\">Daremos la palabra a algunos descendientes de estos hombres para decirnos quien eran en sus vidas.<\/p>\n<p style=\"text-align: justify;\">En esta ocasi\u00f3n, seriamos muy honrados de su presencia.<\/p>\n<p style=\"text-align: justify;\">Como cada a\u00f1o, la alcaldesa de Par\u00eds, Anne Hidalgo cerrar\u00e1 este homenaje a los libertadores de la cuidad y agradecimientos a sus familiares.<\/p>\n<p>Association 24 ao\u00fbt 1944<\/p>\n<p><a title=\"http:\/\/memorialibertaria.org\/node\/2806\" href=\"http:\/\/memorialibertaria.org\/node\/2806\">http:\/\/memorialibertaria.org\/node\/2806<\/a><\/p>\n","protected":false},"excerpt":{"rendered":"<p>El d\u00eda 24 de agosto se realiza un acto de homenaje a quienes liberaron Par\u00eds en el Jard\u00edn de los Combatientes de La Nueve. El d\u00eda 24 de agosto de 1944 antiguos milicianos espa\u00f1oles entraron formando parte de la 2\u00aa &hellip; <a href=\"https:\/\/cgtcantabria.org\/wp\/?p=8870\">Sigue leyendo <span class=\"meta-nav\">&rarr;<\/span><\/a><\/p>\n","protected":false},"author":19,"featured_media":0,"comment_status":"open","ping_status":"open","sticky":false,"template":"","format":"gallery","meta":{"footnotes":""},"categories":[16],"tags":[],"class_list":["post-8870","post","type-post","status-publish","format-gallery","hentry","category-accion-social","post_format-post-format-gallery"],"_links":{"self":[{"href":"https:\/\/cgtcantabria.org\/wp\/index.php?rest_route=\/wp\/v2\/posts\/8870","targetHints":{"allow":["GET"]}}],"collection":[{"href":"https:\/\/cgtcantabria.org\/wp\/index.php?rest_route=\/wp\/v2\/posts"}],"about":[{"href":"https:\/\/cgtcantabria.org\/wp\/index.php?rest_route=\/wp\/v2\/types\/post"}],"author":[{"embeddable":true,"href":"https:\/\/cgtcantabria.org\/wp\/index.php?rest_route=\/wp\/v2\/users\/19"}],"replies":[{"embeddable":true,"href":"https:\/\/cgtcantabria.org\/wp\/index.php?rest_route=%2Fwp%2Fv2%2Fcomments&post=8870"}],"version-history":[{"count":1,"href":"https:\/\/cgtcantabria.org\/wp\/index.php?rest_route=\/wp\/v2\/posts\/8870\/revisions"}],"predecessor-version":[{"id":8872,"href":"https:\/\/cgtcantabria.org\/wp\/index.php?rest_route=\/wp\/v2\/posts\/8870\/revisions\/8872"}],"wp:attachment":[{"href":"https:\/\/cgtcantabria.org\/wp\/index.php?rest_route=%2Fwp%2Fv2%2Fmedia&parent=8870"}],"wp:term":[{"taxonomy":"category","embeddable":true,"href":"https:\/\/cgtcantabria.org\/wp\/index.php?rest_route=%2Fwp%2Fv2%2Fcategories&post=8870"},{"taxonomy":"post_tag","embeddable":true,"href":"https:\/\/cgtcantabria.org\/wp\/index.php?rest_route=%2Fwp%2Fv2%2Ftags&post=8870"}],"curies":[{"name":"wp","href":"https:\/\/api.w.org\/{rel}","templated":true}]}}