{"id":8901,"date":"2018-09-11T14:53:02","date_gmt":"2018-09-11T12:53:02","guid":{"rendered":"http:\/\/cgtcantabria.org\/wp\/?p=8901"},"modified":"2018-09-11T09:54:35","modified_gmt":"2018-09-11T07:54:35","slug":"en-apoyo-a-jorge-y-pablo","status":"publish","type":"post","link":"https:\/\/cgtcantabria.org\/wp\/?p=8901","title":{"rendered":"En apoyo a Jorge y Pablo"},"content":{"rendered":"<p style=\"text-align: justify;\"><a href=\"http:\/\/cgtcantabria.org\/wp\/wp-content\/uploads\/2018\/09\/Jorge_y_Pablo_no_caso_14N-200x113-ad042.jpg\"><img loading=\"lazy\" decoding=\"async\" class=\"size-full wp-image-8902 alignleft\" src=\"http:\/\/cgtcantabria.org\/wp\/wp-content\/uploads\/2018\/09\/Jorge_y_Pablo_no_caso_14N-200x113-ad042.jpg\" alt=\"\" width=\"200\" height=\"113\" \/><\/a>Este 4 de septiembre los compa\u00f1eros de CNT-Logro\u00f1o Jorge y Pablo tras pasar 6 a\u00f1os desde que ocurrieron los acontecimientos por los que son acusados y 5 meses desde la celebraci\u00f3n del juicio, han recogido los 123 folios de la sentencia.<\/p>\n<p>Han sido condenados:<\/p>\n<p>\u2013 Jorge: 1 a\u00f1o por desordenes p\u00fablicos.<\/p>\n<p>\u2013 Pablo: 4 a\u00f1os y 9 meses por desordenes y atentado a la autoridad.<\/p>\n<p style=\"text-align: justify;\">En respuesta a la sentencia del #NOCASO14N, CNT-Zaragoza convoca una CONCENTRACI\u00d3N el pr\u00f3ximo jueves d\u00eda 6 de septiembre a las 18:00 horas en la Plaza de Espa\u00f1a. Desde CGT llamamos a participar y mostrar nuestro apoyo a Jorge y Pablo.<\/p>\n<p><a title=\"http:\/\/www.cgtaragon.org\/en-apoyo-a-jorge-y-pablo\" href=\"http:\/\/www.cgtaragon.org\/en-apoyo-a-jorge-y-pablo\">http:\/\/www.cgtaragon.org\/en-apoyo-a-jorge-y-pablo<\/a><\/p>\n","protected":false},"excerpt":{"rendered":"<p>Este 4 de septiembre los compa\u00f1eros de CNT-Logro\u00f1o Jorge y Pablo tras pasar 6 a\u00f1os desde que ocurrieron los acontecimientos por los que son acusados y 5 meses desde la celebraci\u00f3n del juicio, han recogido los 123 folios de la &hellip; <a href=\"https:\/\/cgtcantabria.org\/wp\/?p=8901\">Sigue leyendo <span class=\"meta-nav\">&rarr;<\/span><\/a><\/p>\n","protected":false},"author":19,"featured_media":0,"comment_status":"open","ping_status":"open","sticky":false,"template":"","format":"gallery","meta":{"footnotes":""},"categories":[37],"tags":[],"class_list":["post-8901","post","type-post","status-publish","format-gallery","hentry","category-amnistia-social","post_format-post-format-gallery"],"_links":{"self":[{"href":"https:\/\/cgtcantabria.org\/wp\/index.php?rest_route=\/wp\/v2\/posts\/8901","targetHints":{"allow":["GET"]}}],"collection":[{"href":"https:\/\/cgtcantabria.org\/wp\/index.php?rest_route=\/wp\/v2\/posts"}],"about":[{"href":"https:\/\/cgtcantabria.org\/wp\/index.php?rest_route=\/wp\/v2\/types\/post"}],"author":[{"embeddable":true,"href":"https:\/\/cgtcantabria.org\/wp\/index.php?rest_route=\/wp\/v2\/users\/19"}],"replies":[{"embeddable":true,"href":"https:\/\/cgtcantabria.org\/wp\/index.php?rest_route=%2Fwp%2Fv2%2Fcomments&post=8901"}],"version-history":[{"count":1,"href":"https:\/\/cgtcantabria.org\/wp\/index.php?rest_route=\/wp\/v2\/posts\/8901\/revisions"}],"predecessor-version":[{"id":8903,"href":"https:\/\/cgtcantabria.org\/wp\/index.php?rest_route=\/wp\/v2\/posts\/8901\/revisions\/8903"}],"wp:attachment":[{"href":"https:\/\/cgtcantabria.org\/wp\/index.php?rest_route=%2Fwp%2Fv2%2Fmedia&parent=8901"}],"wp:term":[{"taxonomy":"category","embeddable":true,"href":"https:\/\/cgtcantabria.org\/wp\/index.php?rest_route=%2Fwp%2Fv2%2Fcategories&post=8901"},{"taxonomy":"post_tag","embeddable":true,"href":"https:\/\/cgtcantabria.org\/wp\/index.php?rest_route=%2Fwp%2Fv2%2Ftags&post=8901"}],"curies":[{"name":"wp","href":"https:\/\/api.w.org\/{rel}","templated":true}]}}