{"id":8913,"date":"2018-09-14T09:41:48","date_gmt":"2018-09-14T07:41:48","guid":{"rendered":"http:\/\/cgtcantabria.org\/wp\/?p=8913"},"modified":"2018-09-12T12:44:31","modified_gmt":"2018-09-12T10:44:31","slug":"obsoles-que","status":"publish","type":"post","link":"https:\/\/cgtcantabria.org\/wp\/?p=8913","title":{"rendered":"Obsoles \u00bfqu\u00e9?"},"content":{"rendered":"<p style=\"text-align: justify;\"><a href=\"http:\/\/cgtcantabria.org\/wp\/wp-content\/uploads\/2018\/09\/2019666155_583bb08a64_o.jpg\"><img loading=\"lazy\" decoding=\"async\" class=\"size-medium wp-image-8914 alignleft\" src=\"http:\/\/cgtcantabria.org\/wp\/wp-content\/uploads\/2018\/09\/2019666155_583bb08a64_o-300x225.jpg\" alt=\"\" width=\"300\" height=\"225\" srcset=\"https:\/\/cgtcantabria.org\/wp\/wp-content\/uploads\/2018\/09\/2019666155_583bb08a64_o-300x225.jpg 300w, https:\/\/cgtcantabria.org\/wp\/wp-content\/uploads\/2018\/09\/2019666155_583bb08a64_o-768x576.jpg 768w, https:\/\/cgtcantabria.org\/wp\/wp-content\/uploads\/2018\/09\/2019666155_583bb08a64_o-1024x768.jpg 1024w, https:\/\/cgtcantabria.org\/wp\/wp-content\/uploads\/2018\/09\/2019666155_583bb08a64_o.jpg 1500w\" sizes=\"auto, (max-width: 300px) 100vw, 300px\" \/><\/a>La obsolescencia de los productos es uno de los recursos de los que se sirve la sociedad de consumo para que no cese el ciclo de compra y descarte. Analizamos iniciativas que, desde las instituciones y la sociedad civil, intentan contrarrestar este sistema perverso y de consecuencias ambientales catastr\u00f3ficas.<\/p>\n<p style=\"text-align: justify;\">Obsolescencia, seg\u00fan Wikipedia, es la ca\u00edda en desuso de las m\u00e1quinas, equipos y tecnolog\u00edas motivada NO por un mal funcionamiento de \u00e9stos, sino por un insuficiente desempe\u00f1o de sus funciones. En 1954, Brook Stevens, dise\u00f1ador industrial estadounidense, acu\u00f1\u00f3 el t\u00e9rmino dot\u00e1ndolo de contenido: \u00abinstalar en el comprador el deseo de poseer algo un poco m\u00e1s nuevo, un poco mejor, un poco antes de lo necesario\u00bb.<\/p>\n<p style=\"text-align: justify;\">Hace algunos a\u00f1os esta palabra era pr\u00e1cticamente desconocida para la mayor\u00eda de los consumidores, pero poco a poco se ha ido instalando en la conciencia colectiva, ya nadie pregunta obsoles \u00bfqu\u00e9?, hoy se empieza a ser consciente de que el objetivo de la obsolescencia es exclusivamente el lucro econ\u00f3mico, lucro que no solo no tiene en cuenta las necesidades de los consumidores, sino tampoco las repercusiones medioambientales de la producci\u00f3n y, mucho menos, las consecuencias desde el punto de vista de acumulaci\u00f3n de residuos, con la contaminaci\u00f3n que conllevan.<\/p>\n<p style=\"text-align: justify;\">En la \u00e9poca en la que estamos instalados, la de \u201cusar y tirar\u201d, las reparaciones de productos han sido m\u00ednimas, porque, seg\u00fan se deduc\u00eda de la publicidad era mucho m\u00e1s barato comprar un producto nuevo que arreglar el viejo. En esta afirmaci\u00f3n no se tienen en cuenta otros costes no incluidos en el precio, como la contaminaci\u00f3n medioambiental necesaria para la fabricaci\u00f3n de nuevos productos, la acumulaci\u00f3n de residuos el\u00e9ctricos y electr\u00f3nicos que se producen y su impacto en el planeta. La crisis econ\u00f3mica en la que estamos inmersos ha conseguido que se replantee el \u201cusar y tirar\u201d, ya que a pesar de que han desaparecido los peque\u00f1os talleres que reparaban electrodom\u00e9sticos y aparatos electr\u00f3nicos, un fuerte movimiento est\u00e1 empezando a instalarse en la sociedad, por un lado como reacci\u00f3n al consumo desenfrenado practicado en otras \u00e9pocas y por otro lado porque iniciativas, incluso desde la sociedad civil, est\u00e1n apostando por este tipo de trabajos que minoran (aunque sea a peque\u00f1a escala) el alto \u00edndice de paro existente en Espa\u00f1a. En definitiva, se est\u00e1 empezando a actuar de forma diferente.<\/p>\n<p style=\"text-align: justify;\">Los consumidores est\u00e1n empezando a exigir m\u00e1s informaci\u00f3n por parte de los fabricantes para poder ejercer su derecho a un consumo responsable y, al mismo tiempo, se ha iniciado una presi\u00f3n importante hacia los gobiernos para exigir leyes que garanticen que las empresas no producen con criterios de obsolescencia.<\/p>\n<p style=\"text-align: justify;\">Seg\u00fan el Consejo Econ\u00f3mico y Social Europeo (CESE) \u2013\u00f3rgano de representaci\u00f3n institucional tripartito, en el que est\u00e1n presentes empresarios, sindicatos y organizaciones de la sociedad civil, expertos y universidades\u2013, en su Dictamen CCMI\/112, cabe distinguir varias formas de obsolescencia:<\/p>\n<ul style=\"text-align: justify;\">\n<li>La obsolescencia programada propiamente dicha, consistente en prever una duraci\u00f3n de vida reducida del producto, si fuera necesario mediante la inclusi\u00f3n de un dispositivo interno para que el aparato llegue al final de su vida \u00fatil despu\u00e9s de un cierto n\u00famero de utilizaciones.<\/li>\n<li>La obsolescencia indirecta, derivada, generalmente, de la imposibilidad de reparar un producto por falta de piezas de recambio adecuadas o por resultar imposible la reparaci\u00f3n (por ejemplo, en el caso de las bater\u00edas soldadas al aparato electr\u00f3nico).<\/li>\n<li>La obsolescencia por incompatibilidad, como es el caso, por ejemplo, de un programa inform\u00e1tico que deja de funcionar al actualizarse el sistema operativo.<\/li>\n<li>La obsolescencia psicol\u00f3gica, derivada de las campa\u00f1as de marketing de las empresas, encaminadas a hacer que los consumidores perciban como obsoletos los productos existentes. No servir\u00eda de nada obligar a un fabricante de tabletas electr\u00f3nicas a producir objetos cuya vida \u00fatil sea de diez a\u00f1os, si nuestros patrones de consumo hacen que deseemos sustituirlas cada dos a\u00f1os.<\/li>\n<\/ul>\n<p style=\"text-align: justify;\">El CESE es taxativo: aboga por la prohibici\u00f3n total de los productos cuyos defectos se calculan para provocar el fin de la vida \u00fatil del apartado y m\u00e1s adelante el CESE recomienda a las empresas que faciliten la reparaci\u00f3n de sus productos.<\/p>\n<p style=\"text-align: justify;\">Tambi\u00e9n en Espa\u00f1a hubo iniciativas, incluso anteriores al Dictamen del CESE europeo, en concreto:<\/p>\n<p style=\"text-align: justify;\">El Consejo Estatal de Responsabilidad Social Empresarial espa\u00f1ol (CERSE) \u00f3rgano consultivo cuatripartito, con representaci\u00f3n de empresarios, sindicatos, organizaciones de la sociedad civil y comunidades aut\u00f3nomas\/municipios, aprob\u00f3 en mayo del 2011 el Informe sobre Consumo Socialmente Responsable (elaborado en el marco del mismo). En \u00e9l se establece la Definici\u00f3n de Consumo Responsable y Definici\u00f3n de la RSE en el sector consumo, especific\u00e1ndose \u201cpor RSE en el sector del consumo entendemos el papel de una empresa en el consumo responsable o sostenible, surge de los productos y servicios que ofrece, su ciclo de vida y cadena de valor y de la naturaleza de la informaci\u00f3n que proporciona a los consumidores y usuarios\u201d, igualmente m\u00e1s adelante ese informe se\u00f1ala que es necesario \u201cOfrecer a los consumidores productos a trav\u00e9s de: el ecodise\u00f1o de los productos y envases, de modo que integren aspectos ambientales que mejoren el comportamiento ambiental del producto a lo largo de todo su ciclo de vida\u201d.<\/p>\n<p style=\"text-align: justify;\">Francia se ha situado a la cabeza de los pa\u00edses que han iniciado una lucha contra la obsolescencia programada. El parlamento franc\u00e9s aprob\u00f3, en el marco de la Ley de Transici\u00f3n Energ\u00e9tica, en 2014, castigar con penas de hasta dos a\u00f1os de prisi\u00f3n y multas de 300.000 \u20ac a las empresas que, con la excusa de las leyes de mercado y la supervivencia empresarial, violen las leyes de defensa del consumidor. Se establece en la norma la existencia de la obsolescencia programada, explicando que en ella se incluyen t\u00e9cnicas que introduzcan defectos, debilidades, paradas programadas, obst\u00e1culos para su reparaci\u00f3n y limitaciones t\u00e9cnicas. Esta ley tambi\u00e9n incluy\u00f3 medidas para luchar contra el despilfarro, y la reducci\u00f3n de residuos en origen.<\/p>\n<p style=\"text-align: justify;\">Esperemos que de forma clara, en el marco del nuevo Ministerio de Transici\u00f3n Energ\u00e9tica y Medio Ambiente y en colaboraci\u00f3n con el resto de Ministerios que pueden aportar valor a la norma, se establezcan normas parecidas en nuestro pa\u00eds.<\/p>\n<p style=\"text-align: justify;\">Mientras tanto, la sociedad civil va lanzando iniciativas para paliar de alguna manera las consecuencias adversas de la obsolescencia de los productos, por ejemplo Fundaci\u00f3n FENISS\u00a0a trav\u00e9s del sello ISSOP (Innovaci\u00f3n Sostenible sin Obsolescencia Programada), oAmigos de la Tierra, que puso en marcha una web para luchar contra la obsolescencia. Igualmente se han desarrollado diferentes campa\u00f1as de sensibilizaci\u00f3n sobre este tema por parte de otras organizaciones como Ecologistas en Acci\u00f3n, Economistas sin Fronteras, AERESS, OCU, CECU y ASGECO.<\/p>\n<p style=\"text-align: justify;\">Poco a poco en los ciudadanos se instala la conciencia sobre esta pr\u00e1ctica y desde los gobiernos e instituciones europeas se plantean normas y leyes que avanzan en la l\u00ednea de evitar que se siga produciendo con esos criterios. Avanzamos, muy lentamente, pero avanzamos.<\/p>\n<div class=\"recuadro\">\n<p class=\"recuadro-arriba\" style=\"text-align: justify;\">OTRAS INICIATIVAS FRENTE A LA OBSOLESCENCIA<\/p>\n<div class=\"recuadro-dentro\">\n<p class=\"recuadro-texto\" style=\"text-align: justify;\">Las alternativas frente a la obsolescencia giran en torno a la reutilizaci\u00f3n o la reparaci\u00f3n de los productos. En este sentido, Suecia ha reducido el IVA a las reparaciones, promoviendo esta pr\u00e1ctica a trav\u00e9s de una fiscalidad m\u00e1s favorable. Tambi\u00e9n, cabe destacar la existencia del tel\u00e9fono Fairphone dise\u00f1ado para ser f\u00e1cilmente reparado. Adem\u00e1s, existen otras iniciativas importantes, como trabajo del brit\u00e1nico Tom Cridland, que fabrica prendas de vestir con una duraci\u00f3n garantizada de 30 a\u00f1os.<\/p>\n<p class=\"recuadro-texto\" style=\"text-align: justify;\">\nEn cuanto a las alternativas colectivas, ya hay gran n\u00famero en marcha, desde tiendas gratis de ropa, hasta mercadillos de trueque o segunda mano, cosatecas, etc. Cabe destacar, por novedosos, los repair caf\u00e9s, lugares o reuniones de libre acceso donde todo gira en torno a reparar cosas juntos, laplataforma Ifixit, que impulsa el compartir conocimientos de c\u00f3mo arreglar objetos, programas como No tires, Aprende y Repara de la Fundaci\u00f3n FENISS, la campa\u00f1a Millor que Nou, 100% Vell, iniciativas como la de Makea Tu Vida para el fomento de la reutilizaci\u00f3n creativa\u2026<\/p>\n<p class=\"recuadro-texto\" style=\"text-align: justify;\">Fuente:\u00a0<a href=\"https:\/\/www.elsaltodiario.com\/consumo-que-suma\/obsoles-que\">https:\/\/www.elsaltodiario.com\/consumo-que-suma\/obsoles-que<\/a><\/p>\n<\/div>\n<\/div>\n","protected":false},"excerpt":{"rendered":"<p>La obsolescencia de los productos es uno de los recursos de los que se sirve la sociedad de consumo para que no cese el ciclo de compra y descarte. Analizamos iniciativas que, desde las instituciones y la sociedad civil, intentan &hellip; <a href=\"https:\/\/cgtcantabria.org\/wp\/?p=8913\">Sigue leyendo <span class=\"meta-nav\">&rarr;<\/span><\/a><\/p>\n","protected":false},"author":19,"featured_media":0,"comment_status":"open","ping_status":"open","sticky":false,"template":"","format":"gallery","meta":{"footnotes":""},"categories":[16],"tags":[],"class_list":["post-8913","post","type-post","status-publish","format-gallery","hentry","category-accion-social","post_format-post-format-gallery"],"_links":{"self":[{"href":"https:\/\/cgtcantabria.org\/wp\/index.php?rest_route=\/wp\/v2\/posts\/8913","targetHints":{"allow":["GET"]}}],"collection":[{"href":"https:\/\/cgtcantabria.org\/wp\/index.php?rest_route=\/wp\/v2\/posts"}],"about":[{"href":"https:\/\/cgtcantabria.org\/wp\/index.php?rest_route=\/wp\/v2\/types\/post"}],"author":[{"embeddable":true,"href":"https:\/\/cgtcantabria.org\/wp\/index.php?rest_route=\/wp\/v2\/users\/19"}],"replies":[{"embeddable":true,"href":"https:\/\/cgtcantabria.org\/wp\/index.php?rest_route=%2Fwp%2Fv2%2Fcomments&post=8913"}],"version-history":[{"count":1,"href":"https:\/\/cgtcantabria.org\/wp\/index.php?rest_route=\/wp\/v2\/posts\/8913\/revisions"}],"predecessor-version":[{"id":8915,"href":"https:\/\/cgtcantabria.org\/wp\/index.php?rest_route=\/wp\/v2\/posts\/8913\/revisions\/8915"}],"wp:attachment":[{"href":"https:\/\/cgtcantabria.org\/wp\/index.php?rest_route=%2Fwp%2Fv2%2Fmedia&parent=8913"}],"wp:term":[{"taxonomy":"category","embeddable":true,"href":"https:\/\/cgtcantabria.org\/wp\/index.php?rest_route=%2Fwp%2Fv2%2Fcategories&post=8913"},{"taxonomy":"post_tag","embeddable":true,"href":"https:\/\/cgtcantabria.org\/wp\/index.php?rest_route=%2Fwp%2Fv2%2Ftags&post=8913"}],"curies":[{"name":"wp","href":"https:\/\/api.w.org\/{rel}","templated":true}]}}