{"id":8954,"date":"2018-09-25T09:37:16","date_gmt":"2018-09-25T07:37:16","guid":{"rendered":"http:\/\/cgtcantabria.org\/wp\/?p=8954"},"modified":"2018-09-24T11:41:02","modified_gmt":"2018-09-24T09:41:02","slug":"mira-quien-fue-a-hablar-de-pensiones","status":"publish","type":"post","link":"https:\/\/cgtcantabria.org\/wp\/?p=8954","title":{"rendered":"\u00a1Mira quien fue a hablar de pensiones!"},"content":{"rendered":"<p style=\"text-align: justify;\"><a href=\"http:\/\/cgtcantabria.org\/wp\/wp-content\/uploads\/2018\/09\/pensiones-mierda.jpg\"><img loading=\"lazy\" decoding=\"async\" class=\"size-medium wp-image-8955 alignleft\" src=\"http:\/\/cgtcantabria.org\/wp\/wp-content\/uploads\/2018\/09\/pensiones-mierda-300x169.jpg\" alt=\"\" width=\"300\" height=\"169\" srcset=\"https:\/\/cgtcantabria.org\/wp\/wp-content\/uploads\/2018\/09\/pensiones-mierda-300x169.jpg 300w, https:\/\/cgtcantabria.org\/wp\/wp-content\/uploads\/2018\/09\/pensiones-mierda-768x432.jpg 768w, https:\/\/cgtcantabria.org\/wp\/wp-content\/uploads\/2018\/09\/pensiones-mierda-1024x576.jpg 1024w, https:\/\/cgtcantabria.org\/wp\/wp-content\/uploads\/2018\/09\/pensiones-mierda.jpg 1500w\" sizes=\"auto, (max-width: 300px) 100vw, 300px\" \/><\/a>Cada vez es m\u00e1s frecuente que viejas glorias de los partidos pol\u00edticos mayoritarios copen las portadas de los medios con declaraciones y opiniones que, en buena l\u00f3gica, deber\u00edan dar a conocer los l\u00edderes en activo de tales organizaciones. Los fijos en estas labores son, desde hace tiempo, los expresidentes Gonz\u00e1lez y Aznar, tan aparentemente incisivos y brillantes en sus ocurrencias como desmedidos con su ego.<\/p>\n<div class=\"col-contenido med\">\n<div class=\"container\">\n<div class=\"row\">\n<div class=\"col-md-9\">\n<div class=\"contenido\">\n<p style=\"text-align: justify;\">No obstante el eco garantizado de cualquier boutade que salga de estas bocas irrefrenables, lo cierto es que tambi\u00e9n se suelen sumar al circo revival expresidentes auton\u00f3micos (como Bono, Ibarra, Pujol o la siempre locuaz Aguirre) y hasta los exministros se animan a meter baza; generalmente para decir \u2013sin rubor alguno- que ellos lo hac\u00edan mejor cuando eran titulares de esas a\u00f1oradas carteras negras.<\/p>\n<p style=\"text-align: justify;\">No es clara ni un\u00e1nime la raz\u00f3n que empuja a estos pat\u00e9ticos personajes a salir a la palestra cuando lo m\u00e1s prudente y aconsejable ser\u00eda permanecer callados. Hay quien piensa que sufren de incontinencia verbal, pero no faltan quienes opinan que se ven empujados a reaparecer, una y otra vez, porque deben considerar que los dirigentes que les han sucedido no tienen su elevado nivel pol\u00edtico ni su tir\u00f3n electoral.<\/p>\n<p style=\"text-align: justify;\">El \u00faltimo en liarla parda, sin que viniese a cuanto, ha sido el ex casi todo Carlos Solchaga, agarrado a los cargos p\u00fablicos a la temprana edad de 35 a\u00f1os (1979), y sirviendo al pueblo -con muy buenos sueldos, eso s\u00ed- ininterrumpidamente hasta 1994. Pero no piense el lector que tras esa dilatada vida laboral Solchaga se acogi\u00f3 a la merecida jubilaci\u00f3n; ni mucho menos, su voluntad de aportar saberes y esfuerzos le condujo a montar una asesor\u00eda para empresas y a formar parte de los consejos de administraci\u00f3n de un pu\u00f1ado de ellas.<\/p>\n<blockquote><p>A sus 74 a\u00f1os sigue en lo suyo y se embolsa no menos de 900.000 \u20ac anuales. Aproximadamente lo mismo que 75 pensionistas.<\/p><\/blockquote>\n<p style=\"text-align: justify;\">Sabiendo como \u00e9l sabe esos datos (para eso es economista) y enterado como debe estar del cabreo de los jubilados por los recortes de las pensiones y la congelaci\u00f3n de los aumentos anuales, sorprende y mucho que aparezca p\u00fablicamente en este momento para decir que los pensionistas no tienen raz\u00f3n en sus demandas y que las movilizaciones masivas de los \u00faltimos meses obedecen poco menos que a las confabulaciones judeo-mas\u00f3nicas de otros tiempos.<\/p>\n<p style=\"text-align: justify;\">Desde luego que una persona con el pasado pol\u00edtico y el presente empresarial de Carlos Solchaga no era la m\u00e1s indicada para criticar la lucha de los pensionistas. Y no lo es por dos razones. La primera por sus escandalosos ingresos pasados y actuales, y en segundo lugar porque sus cr\u00edticas son injustas y absurdas. Dice el que fuera ministro de Industria de Felipe Gonz\u00e1lez en la etapa en que los socialistas privatizaron casi todas las empresas estatales y, mediante la reconversi\u00f3n industrial, destruyeron pr\u00e1cticamente todo el tejido productivo del pa\u00eds, orientando la econom\u00eda hacia el sector servicios y el ladrillo, que tantos disgustos nos est\u00e1 dando a\u00f1os despu\u00e9s, que los jubilados no hemos aportado ni la mitad de lo que vamos a cobrar y que exigir que las pensiones se revaloricen seg\u00fan el IPC de cada a\u00f1o es una irresponsabilidad que nos puede llevar a la quiebra del sistema p\u00fablico.<\/p>\n<p style=\"text-align: justify;\">Tenemos que discrepar del autor de la famosa frase \u201cEspa\u00f1a es el pa\u00eds donde m\u00e1s r\u00e1pidamente te puedes hacer rico\u201d porque los que, al contrario que el se\u00f1or Solchaga, hemos visto como cada mes, durante m\u00e1s de 40 a\u00f1os, se nos reten\u00eda el 20% de nuestras n\u00f3minas para contribuir a todos los gastos del Estado (incluidas las pensiones) tambi\u00e9n somos los que produc\u00edamos la parte del le\u00f3n que se quedaba el empresario; la plusval\u00eda que dec\u00edan estos socialistas cuando todav\u00eda le\u00edan a Marx.<\/p>\n<p style=\"text-align: justify;\">Solchaga, que tambi\u00e9n fue ministro de Econom\u00eda y un alto cargo en el FMI, sabe que si todo lo cotizado a la Seguridad Social durante una larga vida laboral hubiera permanecido en un banco, generando intereses incluso, nos permitir\u00eda vivir mejor de lo que viven la gran mayor\u00eda de los pensionistas actuales.<\/p>\n<p style=\"text-align: justify;\">Pero en el peor de los casos, en el supuesto de que vivamos m\u00e1s a\u00f1os de los que recomiendan los banqueros y nuestras cuentas con el erario p\u00fablico arrojen un saldo negativo, es incuestionable e irrenunciable que corresponde al Estado cargar con el gasto de las pensiones; igual o con m\u00e1s raz\u00f3n que lo hace con los abultados presupuestos del ej\u00e9rcito, la casa real, el clero y la propia clase pol\u00edtica.<\/p>\n<p class=\"autor\">ANTONIO P\u00c9REZ COLLADO<br \/>\nASAMBLEA DE PENSIONISTAS DE CGT<\/p>\n<p class=\"autor\">Fuente:\u00a0<a href=\"https:\/\/www.elsaltodiario.com\/alkimia\/mira-quien-fue-a-hablar-de-pensiones\">https:\/\/www.elsaltodiario.com\/alkimia\/mira-quien-fue-a-hablar-de-pensiones<\/a><\/p>\n<\/div>\n<\/div>\n<\/div>\n<\/div>\n<\/div>\n<div class=\"col-extra\"><\/div>\n","protected":false},"excerpt":{"rendered":"<p>Cada vez es m\u00e1s frecuente que viejas glorias de los partidos pol\u00edticos mayoritarios copen las portadas de los medios con declaraciones y opiniones que, en buena l\u00f3gica, deber\u00edan dar a conocer los l\u00edderes en activo de tales organizaciones. Los fijos &hellip; <a href=\"https:\/\/cgtcantabria.org\/wp\/?p=8954\">Sigue leyendo <span class=\"meta-nav\">&rarr;<\/span><\/a><\/p>\n","protected":false},"author":19,"featured_media":0,"comment_status":"open","ping_status":"open","sticky":false,"template":"","format":"gallery","meta":{"footnotes":""},"categories":[16],"tags":[],"class_list":["post-8954","post","type-post","status-publish","format-gallery","hentry","category-accion-social","post_format-post-format-gallery"],"_links":{"self":[{"href":"https:\/\/cgtcantabria.org\/wp\/index.php?rest_route=\/wp\/v2\/posts\/8954","targetHints":{"allow":["GET"]}}],"collection":[{"href":"https:\/\/cgtcantabria.org\/wp\/index.php?rest_route=\/wp\/v2\/posts"}],"about":[{"href":"https:\/\/cgtcantabria.org\/wp\/index.php?rest_route=\/wp\/v2\/types\/post"}],"author":[{"embeddable":true,"href":"https:\/\/cgtcantabria.org\/wp\/index.php?rest_route=\/wp\/v2\/users\/19"}],"replies":[{"embeddable":true,"href":"https:\/\/cgtcantabria.org\/wp\/index.php?rest_route=%2Fwp%2Fv2%2Fcomments&post=8954"}],"version-history":[{"count":1,"href":"https:\/\/cgtcantabria.org\/wp\/index.php?rest_route=\/wp\/v2\/posts\/8954\/revisions"}],"predecessor-version":[{"id":8956,"href":"https:\/\/cgtcantabria.org\/wp\/index.php?rest_route=\/wp\/v2\/posts\/8954\/revisions\/8956"}],"wp:attachment":[{"href":"https:\/\/cgtcantabria.org\/wp\/index.php?rest_route=%2Fwp%2Fv2%2Fmedia&parent=8954"}],"wp:term":[{"taxonomy":"category","embeddable":true,"href":"https:\/\/cgtcantabria.org\/wp\/index.php?rest_route=%2Fwp%2Fv2%2Fcategories&post=8954"},{"taxonomy":"post_tag","embeddable":true,"href":"https:\/\/cgtcantabria.org\/wp\/index.php?rest_route=%2Fwp%2Fv2%2Ftags&post=8954"}],"curies":[{"name":"wp","href":"https:\/\/api.w.org\/{rel}","templated":true}]}}