{"id":8959,"date":"2018-09-26T09:09:48","date_gmt":"2018-09-26T07:09:48","guid":{"rendered":"http:\/\/cgtcantabria.org\/wp\/?p=8959"},"modified":"2018-09-24T12:12:23","modified_gmt":"2018-09-24T10:12:23","slug":"el-gobierno-no-suprimira-la-deduccion-de-los-planes-de-pensiones-en-el-irpf","status":"publish","type":"post","link":"https:\/\/cgtcantabria.org\/wp\/?p=8959","title":{"rendered":"El Gobierno no suprimir\u00e1 la deducci\u00f3n de los planes de pensiones en el IRPF"},"content":{"rendered":"<p style=\"text-align: justify;\"><a href=\"http:\/\/cgtcantabria.org\/wp\/wp-content\/uploads\/2018\/09\/pensionesbaston.jpg\"><img loading=\"lazy\" decoding=\"async\" class=\"size-medium wp-image-8960 alignleft\" src=\"http:\/\/cgtcantabria.org\/wp\/wp-content\/uploads\/2018\/09\/pensionesbaston-240x300.jpg\" alt=\"\" width=\"240\" height=\"300\" srcset=\"https:\/\/cgtcantabria.org\/wp\/wp-content\/uploads\/2018\/09\/pensionesbaston-240x300.jpg 240w, https:\/\/cgtcantabria.org\/wp\/wp-content\/uploads\/2018\/09\/pensionesbaston.jpg 400w\" sizes=\"auto, (max-width: 240px) 100vw, 240px\" \/><\/a>Hacienda confirma que no estudia \u201cmodificar ni mucho menos eliminar\u201d la deducci\u00f3n fiscal de los planes de pensiones en el IRPF.<\/p>\n<p style=\"text-align: justify;\">El Gobierno de\u00a0<strong>Pedro S\u00e1nchez<\/strong>\u00a0no aceptar\u00e1 la propuesta de\u00a0<strong>Podemos<\/strong><strong>\u00a0<\/strong>de eliminar la deducci\u00f3n fiscal de los planes privados de pensiones en el\u00a0<strong>IRPF<\/strong>.\u00a0El partido de\u00a0<strong>Pablo Iglesias<\/strong>\u00a0present\u00f3 la medida dentro de su\u00a0bater\u00eda de propuestas\u00a0para aumentar los ingresos de la\u00a0<strong>Seguridad Social<\/strong>\u00a0y se\u00f1al\u00f3 que las aportaciones a los fondos de pensiones tienen exenciones fiscales de hasta 8.000 euros anuales.<\/p>\n<p style=\"text-align: justify;\">El ministerio de\u00a0<strong>Hacienda<\/strong>\u00a0confirm\u00f3 este s\u00e1bado que la propuesta no tiene futuro. \u201cHacienda no est\u00e1 estudiando modificar, ni mucho menos eliminar la deducci\u00f3n fiscal de los planes de pensiones en el IRPF\u201d, afirmaron a Efe fuentes cercanas a la cartera de\u00a0<strong>Mar\u00eda Jes\u00fas Montero<\/strong>.\u00a0El Gobierno se enfoca en explorar un incremento del impuesto de las rentas m\u00e1s elevandas, tanto del trabajo como del capital.<\/p>\n<p style=\"text-align: justify;\">Desde Hacienda agregan que las \u00fanicas alzas del IRPF que se podr\u00edan aprobar ser\u00edan las que afecten a las\u00a0rentas superiores a los 140.000 euros anuales\u00a0y que en el caso de las rentas de capital las modificaciones que se plantear\u00e1n apenas repercutir\u00e1n en el 0,1% de los contribuyentes.<\/p>\n<p style=\"text-align: justify;\"><strong>Podemos se despide de una de sus medidas fiscales<\/strong><\/p>\n<p style=\"text-align: justify;\">Fuentes de Podemos, la formaci\u00f3n que solicit\u00f3 eliminar las desgravaciones actuales de los planes de pensiones en el IRPF, tambi\u00e9n confirmaron que la propuesta inicial qued\u00f3 diluida en la mesa negociadora. Sus otras dos propuestas presentadas el 1 de septiembre fueron\u00a0destopar las cotizaciones sociales para elevar la recaudaci\u00f3n y eliminar las bonificaciones a las empresas por las cotizaciones.<\/p>\n<p style=\"text-align: justify;\">Con respecto a los planes de pensiones, los t\u00e9cnicos de Hacienda (<strong>Gestha<\/strong>) hab\u00edan manifestado que su deducci\u00f3n en el IRPF es regresivas porque beneficia\u00a0a las rentas m\u00e1s altas. Los ciudadanos que ganan menos de 30.000 euros al a\u00f1o obtienen el 29,3% de las desgravaciones, mientras que el 70,7% restante beneficia a los que ganan m\u00e1s de 60.000 euros al a\u00f1o.<\/p>\n<p style=\"text-align: justify;\">\u201cCon estas medidas se podr\u00eda avanzar en la estabilidad del sistema de pensiones\u201d dijo\u00a0<strong>Pablo Echenique<\/strong>\u00a0al presentar las medidas, de las que al menos una ya no ser\u00e1 posible.<\/p>\n<p style=\"text-align: justify;\">Fuente:\u00a0<a href=\"http:\/\/kaosenlared.net\/el-gobierno-no-suprimira-la-deduccion-de-los-planes-de-pensiones-en-el-irpf\/\">http:\/\/kaosenlared.net\/el-gobierno-no-suprimira-la-deduccion-de-los-planes-de-pensiones-en-el-irpf\/<\/a><\/p>\n","protected":false},"excerpt":{"rendered":"<p>Hacienda confirma que no estudia \u201cmodificar ni mucho menos eliminar\u201d la deducci\u00f3n fiscal de los planes de pensiones en el IRPF. El Gobierno de\u00a0Pedro S\u00e1nchez\u00a0no aceptar\u00e1 la propuesta de\u00a0Podemos\u00a0de eliminar la deducci\u00f3n fiscal de los planes privados de pensiones en &hellip; <a href=\"https:\/\/cgtcantabria.org\/wp\/?p=8959\">Sigue leyendo <span class=\"meta-nav\">&rarr;<\/span><\/a><\/p>\n","protected":false},"author":19,"featured_media":0,"comment_status":"open","ping_status":"open","sticky":false,"template":"","format":"gallery","meta":{"footnotes":""},"categories":[16],"tags":[],"class_list":["post-8959","post","type-post","status-publish","format-gallery","hentry","category-accion-social","post_format-post-format-gallery"],"_links":{"self":[{"href":"https:\/\/cgtcantabria.org\/wp\/index.php?rest_route=\/wp\/v2\/posts\/8959","targetHints":{"allow":["GET"]}}],"collection":[{"href":"https:\/\/cgtcantabria.org\/wp\/index.php?rest_route=\/wp\/v2\/posts"}],"about":[{"href":"https:\/\/cgtcantabria.org\/wp\/index.php?rest_route=\/wp\/v2\/types\/post"}],"author":[{"embeddable":true,"href":"https:\/\/cgtcantabria.org\/wp\/index.php?rest_route=\/wp\/v2\/users\/19"}],"replies":[{"embeddable":true,"href":"https:\/\/cgtcantabria.org\/wp\/index.php?rest_route=%2Fwp%2Fv2%2Fcomments&post=8959"}],"version-history":[{"count":1,"href":"https:\/\/cgtcantabria.org\/wp\/index.php?rest_route=\/wp\/v2\/posts\/8959\/revisions"}],"predecessor-version":[{"id":8961,"href":"https:\/\/cgtcantabria.org\/wp\/index.php?rest_route=\/wp\/v2\/posts\/8959\/revisions\/8961"}],"wp:attachment":[{"href":"https:\/\/cgtcantabria.org\/wp\/index.php?rest_route=%2Fwp%2Fv2%2Fmedia&parent=8959"}],"wp:term":[{"taxonomy":"category","embeddable":true,"href":"https:\/\/cgtcantabria.org\/wp\/index.php?rest_route=%2Fwp%2Fv2%2Fcategories&post=8959"},{"taxonomy":"post_tag","embeddable":true,"href":"https:\/\/cgtcantabria.org\/wp\/index.php?rest_route=%2Fwp%2Fv2%2Ftags&post=8959"}],"curies":[{"name":"wp","href":"https:\/\/api.w.org\/{rel}","templated":true}]}}