{"id":8992,"date":"2018-10-25T21:52:32","date_gmt":"2018-10-25T19:52:32","guid":{"rendered":"http:\/\/cgtcantabria.org\/wp\/?p=8992"},"modified":"2018-10-25T21:52:32","modified_gmt":"2018-10-25T19:52:32","slug":"rntvlucha34","status":"publish","type":"post","link":"https:\/\/cgtcantabria.org\/wp\/?p=8992","title":{"rendered":"#RNtvLucha34"},"content":{"rendered":"<p><iframe loading=\"lazy\" src=\"https:\/\/www.youtube.com\/embed\/ymVLKemMOeg\" width=\"560\" height=\"315\" frameborder=\"0\" allowfullscreen=\"allowfullscreen\"><\/iframe><\/p>\n<p><a href=\"http:\/\/cgtcantabria.org\/wp\/wp-content\/uploads\/2018\/10\/descarga.jpg\"><img loading=\"lazy\" decoding=\"async\" class=\"size-full wp-image-8993 alignleft\" src=\"http:\/\/cgtcantabria.org\/wp\/wp-content\/uploads\/2018\/10\/descarga.jpg\" alt=\"\" width=\"257\" height=\"196\" \/><\/a>En el\u00a0 trig\u00e9simo cuarto programa de Rojo y Negro en Lucha podemos reportajes de los siguientes conflictos:<\/p>\n<ul>\n<li>A trav\u00e9s de los \u201cVenres Negros\u201d, las trabajadoras de TVG y TVE han unido sus luchas contra la manipulaci\u00f3n informativa en los dos medios p\u00fablicos de comunicaci\u00f3n informativa vistiendo ropa de color negro, es una forma de protesta inspirada en la que realizaron las trabajadoras de la televisi\u00f3n de Castilla la Mancha durante el gobierno del PP desde 2011 a 2015<\/li>\n<li>Convenio Colectivo de las trabajadoras de teatros de la Comunidad de Madrid: Despu\u00e9s de casi dos a\u00f1os negociando, los empresarios siguen sin presentar una propuesta que permita llegar a un acuerdo y hacer que sus plantillas tengan unas condiciones salariales dignas<\/li>\n<li>ERTE en Volkswagen de Navarra: A causa del \u201cDi\u00e9sel Gate\u201d (Trucaje de los motores di\u00e9sel de m\u00e1s de 11 millones de veh\u00edculos para falsear las emisiones de gases) Volkswagen se encuentra sin capacidad para entregar todos los motores necesarios en las diferentes cadenas de montaje. Esta falta de motores ha producido, de momento, un ERTE de 8 d\u00edas en la factor\u00eda de Navarra<\/li>\n<\/ul>\n","protected":false},"excerpt":{"rendered":"<p>En el\u00a0 trig\u00e9simo cuarto programa de Rojo y Negro en Lucha podemos reportajes de los siguientes conflictos: A trav\u00e9s de los \u201cVenres Negros\u201d, las trabajadoras de TVG y TVE han unido sus luchas contra la manipulaci\u00f3n informativa en los dos &hellip; <a href=\"https:\/\/cgtcantabria.org\/wp\/?p=8992\">Sigue leyendo <span class=\"meta-nav\">&rarr;<\/span><\/a><\/p>\n","protected":false},"author":19,"featured_media":0,"comment_status":"open","ping_status":"open","sticky":false,"template":"","format":"gallery","meta":{"footnotes":""},"categories":[15,34,4],"tags":[],"class_list":["post-8992","post","type-post","status-publish","format-gallery","hentry","category-accion-sindical","category-rntv","category-videos","post_format-post-format-gallery"],"_links":{"self":[{"href":"https:\/\/cgtcantabria.org\/wp\/index.php?rest_route=\/wp\/v2\/posts\/8992","targetHints":{"allow":["GET"]}}],"collection":[{"href":"https:\/\/cgtcantabria.org\/wp\/index.php?rest_route=\/wp\/v2\/posts"}],"about":[{"href":"https:\/\/cgtcantabria.org\/wp\/index.php?rest_route=\/wp\/v2\/types\/post"}],"author":[{"embeddable":true,"href":"https:\/\/cgtcantabria.org\/wp\/index.php?rest_route=\/wp\/v2\/users\/19"}],"replies":[{"embeddable":true,"href":"https:\/\/cgtcantabria.org\/wp\/index.php?rest_route=%2Fwp%2Fv2%2Fcomments&post=8992"}],"version-history":[{"count":1,"href":"https:\/\/cgtcantabria.org\/wp\/index.php?rest_route=\/wp\/v2\/posts\/8992\/revisions"}],"predecessor-version":[{"id":8994,"href":"https:\/\/cgtcantabria.org\/wp\/index.php?rest_route=\/wp\/v2\/posts\/8992\/revisions\/8994"}],"wp:attachment":[{"href":"https:\/\/cgtcantabria.org\/wp\/index.php?rest_route=%2Fwp%2Fv2%2Fmedia&parent=8992"}],"wp:term":[{"taxonomy":"category","embeddable":true,"href":"https:\/\/cgtcantabria.org\/wp\/index.php?rest_route=%2Fwp%2Fv2%2Fcategories&post=8992"},{"taxonomy":"post_tag","embeddable":true,"href":"https:\/\/cgtcantabria.org\/wp\/index.php?rest_route=%2Fwp%2Fv2%2Ftags&post=8992"}],"curies":[{"name":"wp","href":"https:\/\/api.w.org\/{rel}","templated":true}]}}