{"id":9055,"date":"2018-12-26T09:20:17","date_gmt":"2018-12-26T07:20:17","guid":{"rendered":"http:\/\/cgtcantabria.org\/wp\/?p=9055"},"modified":"2018-12-26T09:20:17","modified_gmt":"2018-12-26T07:20:17","slug":"revuelta-social-de-los-de-abajo","status":"publish","type":"post","link":"https:\/\/cgtcantabria.org\/wp\/?p=9055","title":{"rendered":"Revuelta social de los de abajo"},"content":{"rendered":"\n<figure class=\"wp-block-image\"><img loading=\"lazy\" decoding=\"async\" width=\"567\" height=\"320\" src=\"http:\/\/cgtcantabria.org\/wp\/wp-content\/uploads\/2018\/12\/chalecos_0.jpg\" alt=\"\" class=\"wp-image-9056\" srcset=\"https:\/\/cgtcantabria.org\/wp\/wp-content\/uploads\/2018\/12\/chalecos_0.jpg 567w, https:\/\/cgtcantabria.org\/wp\/wp-content\/uploads\/2018\/12\/chalecos_0-300x169.jpg 300w\" sizes=\"auto, (max-width: 567px) 100vw, 567px\" \/><\/figure>\n\n\n\n<p>Las clases asalariadas blancas, una gran parte de ellas reconvertidas en \u201cclases medias\u201d por un consenso con el capitalismo de bienestar, durante un periodo largo de tiempo del siglo pasado, han visto como \u201cel sue\u00f1o del bienestar\u201d (pleno empleo, sobre todo masculino); posibilidades de acceso a las universidades para hijos e hijas; garant\u00edas de sistemas p\u00fablicos y eficientes de seguridad social; rentas adecuadas para poder sentirse parte de la \u201csociedad de propietarios\u201d, -cada vez en mayor medida provenientes de la finanzas\/deuda-; pensiones que puedan seguir garantizando un determinado nivel de consumo; prestaciones en los casos de desempleo y en otros estados de necesidad\u2026 se les ha esfumado y que esa utop\u00eda del crecimiento sin l\u00edmite y a la vez el consumo insostenible, les ha demostrado la gran estafa del capitalismo, cuando dicen que \u201cel futuro siempre y necesariamente ser\u00e1 mejor\u201d.<\/p>\n\n\n\n<p>La Francia mayoritaria, en primer lugar la rural, especialmente perjudicada por el despoblamiento y el abandono de las personas que a\u00fan \u201cresisten\u201d y reivindican sus modos de vida, y la urbana, encerrada en grandes urbes insostenibles social y medioambientalmente, han visto sus vidas deterioradas en los \u00faltimos 30 a\u00f1os y sufren los efectos de la brutalidad de un capitalismo can\u00edbal y depredador: la desigualdad social, el empobrecimiento, la reducci\u00f3n de la protecci\u00f3n social y de servicios p\u00fablicos, la inseguridad individual y sobre todo colectiva, la precariedad\u2026han dicho basta, y asistimos a una \u201crevuelta social\u201d de las gentes de \u201cabajo\u201d que se ha amplificado con el gobierno de Macron, recogiendo las banderas de las movilizaciones y las protestas contra las leyes laborales de Hollande (Macron era entonces consejero del presidente, luego ministro de Econom\u00eda) y la nuit debout y continuando con las movilizaciones en el 2017 contra la reforma laboral de Macron.<\/p>\n\n\n\n<p>No es una revuelta simple, donde lo que se cuestiona esencialmente es el sistema pol\u00edtico y su organizaci\u00f3n social, econ\u00f3mica y medioambiental, con especial rechazo a la austeridad, la privatizaci\u00f3n de todo lo p\u00fablico y colectivo, as\u00ed como la desigualdad social exponencial, en un mundo global, donde 8 personas concentran la misma riqueza que la mitad de la poblaci\u00f3n mundial.<\/p>\n\n\n\n<p>Sus reivindicaciones abarcan el conjunto de la Vida:<\/p>\n\n\n\n<p>&#8211; Salario m\u00ednimo de 1300 euros netos.<\/p>\n\n\n\n<p>&#8211; Favorecer al peque\u00f1o comercio de los pueblos y los centros urbanos, cesar la construcci\u00f3n de grandes centros comerciales alrededor de las grandes ciudades que matan el peque\u00f1o comercio.<\/p>\n\n\n\n<p>&#8211; M\u00e1s aparcamientos gratuitos en los centros de las ciudades.<\/p>\n\n\n\n<p>&#8211; Un plan de aislamiento de viviendas para hacer ecolog\u00eda mediante el ahorro de las econom\u00edas dom\u00e9sticas.<\/p>\n\n\n\n<p>&#8211; M\u00e1s impuestos a las grandes empresas.<\/p>\n\n\n\n<p>&#8211; Mismo sistema de seguridad social para todos\/as.<\/p>\n\n\n\n<p>&#8211; No a la reforma de las pensiones. Ninguna pensi\u00f3n por debajo de los 1.200 euros.<\/p>\n\n\n\n<p>&#8211; Salarios indexados a la inflaci\u00f3n.<\/p>\n\n\n\n<p>&#8211; Proteger la industria nacional. No a las deslocalizaciones.<\/p>\n\n\n\n<p>\u2013 Limitar los contratos temporales.<\/p>\n\n\n\n<p>\u2013 Promoci\u00f3n industrial del autom\u00f3vil de hidr\u00f3geno (m\u00e1s ecol\u00f3gico que el el\u00e9ctrico).<\/p>\n\n\n\n<p>\u2013 Fin de la pol\u00edtica de austeridad. Cese del pago de los intereses ileg\u00edtimos de la deuda y combate al fraude fiscal.<\/p>\n\n\n\n<p>\u2013 Que los peticionarios de asilo sean bien tratados y que se act\u00fae contra las causas de las emigraciones forzadas.<\/p>\n\n\n\n<p>\u2013 Limitaci\u00f3n de precios de los alquileres.<\/p>\n\n\n\n<p>\u2013 Prohibici\u00f3n de la venta de bienes de la naci\u00f3n (presas, aeropuertos\u2026.).<\/p>\n\n\n\n<p>\u2013 25 alumnos por clase como m\u00e1ximo.<\/p>\n\n\n\n<p>\u2013 Favorecer el transporte ferroviario de mercanc\u00edas.<\/p>\n\n\n\n<p>Pareciera que los actuales dirigentes, netos representantes de las pol\u00edticas impuestas por los ricos y los poderosos, no entendieran como esta \u201crevuelta social\u201d que ha tomado las calles o las \u201crotondas\u201d como dicen en Francia, no tiene unos \u201cportavoces oficiales\u201d que negocien la vuelta al \u201corden\u201d y acepten las promesas y reformas anunciadas (bajada de impuestos al fuel, bajada de impuestos a las pensiones, etc.).<\/p>\n\n\n\n<p>Tampoco nos extra\u00f1a que partidos pol\u00edticos de izquierdas quieran inmiscuirse en este Movimiento de Chaquetas Amarillas. El llamamiento de M\u00e9lanchon la semana pasada para movilizar al \u201cActo 5\u00ba\u201d (la concentraci\u00f3n semanal en Paris del Movimiento), no ha hecho m\u00e1s que disminuir la participaci\u00f3n de las personas ya movilizadas \u201cen las rotondas\u201d que no se identifican con los partidos ni sindicatos de izquierdas, es decir, con la izquierda institucional \u201cde arriba\u201d.<\/p>\n\n\n\n<p>Por \u00faltimo, nos parece importante se\u00f1alar que sacar de \u201clas rotondas\u201d a personas activas del movimiento para incluirlas en las listas electorales europeas como se est\u00e1 haciendo esta semana, tampoco es \u201cla\u201d salida de las demandas del Movimiento de los Chalecos Amarillos. Tenemos una experiencia reciente en nuestra historia con el Movimiento de Indignados \u2013 15M que precisamente se desmoviliz\u00f3 tras la creaci\u00f3n de nuevos partidos pol\u00edticos que repiten esquemas de la \u201cizquierda de arriba\u201d.<\/p>\n\n\n\n<p>Es aqu\u00ed, en la autoorganizaci\u00f3n, sin delegaciones pol\u00edticas, donde se encuentra las pr\u00e1cticas sociales m\u00e1s libertarias, a la vez que ayudan a espantar los fantasmas de la impotencia (\u2026no se puede hacer nada) y muestran que cuando la inteligencia y los saberes colectivos se ponen a trabajar de manera solidaria y cooperativa, el capitalismo y sus beneficiarios, tienen un problema serio: este sistema no vale y tenemos que construir un futuro para todos y todas, donde la Vida y la dignidad sean un hecho cierto.<\/p>\n\n\n\n<p style=\"text-align:right\">El Secretariado Permanente de Comit\u00e9 Confederal<\/p>\n","protected":false},"excerpt":{"rendered":"<p>Las clases asalariadas blancas, una gran parte de ellas reconvertidas en \u201cclases medias\u201d por un consenso con el capitalismo de bienestar, durante un periodo largo de tiempo del siglo pasado, han visto como \u201cel sue\u00f1o del bienestar\u201d (pleno empleo, sobre &hellip; <a href=\"https:\/\/cgtcantabria.org\/wp\/?p=9055\">Sigue leyendo <span class=\"meta-nav\">&rarr;<\/span><\/a><\/p>\n","protected":false},"author":19,"featured_media":0,"comment_status":"open","ping_status":"open","sticky":false,"template":"","format":"gallery","meta":{"footnotes":""},"categories":[16],"tags":[],"class_list":["post-9055","post","type-post","status-publish","format-gallery","hentry","category-accion-social","post_format-post-format-gallery"],"_links":{"self":[{"href":"https:\/\/cgtcantabria.org\/wp\/index.php?rest_route=\/wp\/v2\/posts\/9055","targetHints":{"allow":["GET"]}}],"collection":[{"href":"https:\/\/cgtcantabria.org\/wp\/index.php?rest_route=\/wp\/v2\/posts"}],"about":[{"href":"https:\/\/cgtcantabria.org\/wp\/index.php?rest_route=\/wp\/v2\/types\/post"}],"author":[{"embeddable":true,"href":"https:\/\/cgtcantabria.org\/wp\/index.php?rest_route=\/wp\/v2\/users\/19"}],"replies":[{"embeddable":true,"href":"https:\/\/cgtcantabria.org\/wp\/index.php?rest_route=%2Fwp%2Fv2%2Fcomments&post=9055"}],"version-history":[{"count":2,"href":"https:\/\/cgtcantabria.org\/wp\/index.php?rest_route=\/wp\/v2\/posts\/9055\/revisions"}],"predecessor-version":[{"id":9058,"href":"https:\/\/cgtcantabria.org\/wp\/index.php?rest_route=\/wp\/v2\/posts\/9055\/revisions\/9058"}],"wp:attachment":[{"href":"https:\/\/cgtcantabria.org\/wp\/index.php?rest_route=%2Fwp%2Fv2%2Fmedia&parent=9055"}],"wp:term":[{"taxonomy":"category","embeddable":true,"href":"https:\/\/cgtcantabria.org\/wp\/index.php?rest_route=%2Fwp%2Fv2%2Fcategories&post=9055"},{"taxonomy":"post_tag","embeddable":true,"href":"https:\/\/cgtcantabria.org\/wp\/index.php?rest_route=%2Fwp%2Fv2%2Ftags&post=9055"}],"curies":[{"name":"wp","href":"https:\/\/api.w.org\/{rel}","templated":true}]}}