{"id":9064,"date":"2019-01-29T11:01:07","date_gmt":"2019-01-29T09:01:07","guid":{"rendered":"http:\/\/cgtcantabria.org\/wp\/?p=9064"},"modified":"2019-01-29T11:01:07","modified_gmt":"2019-01-29T09:01:07","slug":"cgt-decide-en-su-congreso-convocar-huelga-general-el-8-de-marzo","status":"publish","type":"post","link":"https:\/\/cgtcantabria.org\/wp\/?p=9064","title":{"rendered":"CGT decide en su Congreso convocar Huelga General el 8 de Marzo"},"content":{"rendered":"\n<p><strong>La Confederaci\u00f3n General del Trabajo (CGT) ha celebrado un Congreso Extraordinario en M\u00e9rida el pasado fin de semana, para debatir sobre la jornada del 8 de Marzo (d\u00eda de la Mujer Trabajadora), en el que hemos alcanzado el acuerdo de Convocar una Huelga General de 24 horas para ese d\u00eda.<\/strong><\/p>\n\n\n\n<p>Consideramos que esta Huelga General est\u00e1 m\u00e1s que motivada, por lo que en ella exigiremos, entre otras muchas reivindicaciones, acabar con la desigualdad en el \u00e1mbito laboral, econ\u00f3mico y social de las mujeres, la adopci\u00f3n de medidas eficaces que acaben con la brecha salarial y la desigualdad en las pensiones, la erradicaci\u00f3n de estereotipos sexistas y valores machistas, el fin del acoso y de la precariedad laboral, el desarrollo de pol\u00edticas laborales y econ\u00f3micas que hagan efectivas la conciliaci\u00f3n de la vida personal con la laboral, una educaci\u00f3n en igualdad y no sexista, terminar con la intromisi\u00f3n de las religiones en el \u00e1mbito de lo p\u00fablico, el fin del terrorismo machista y las violencias sexuales, la equiparaci\u00f3n real en el trabajo de cuidados y la igualdad efectiva de las mujeres migrantes.<\/p>\n\n\n\n<figure class=\"wp-block-image\"><img loading=\"lazy\" decoding=\"async\" width=\"500\" height=\"375\" src=\"http:\/\/cgtcantabria.org\/wp\/wp-content\/uploads\/2019\/01\/Cierre-COngreso_0.jpg\" alt=\"\" class=\"wp-image-9065\" srcset=\"https:\/\/cgtcantabria.org\/wp\/wp-content\/uploads\/2019\/01\/Cierre-COngreso_0.jpg 500w, https:\/\/cgtcantabria.org\/wp\/wp-content\/uploads\/2019\/01\/Cierre-COngreso_0-300x225.jpg 300w\" sizes=\"auto, (max-width: 500px) 100vw, 500px\" \/><\/figure>\n\n\n\n<p>Esta Huelga General va dirigida a todas las trabajadoras y los trabajadores de todos los \u00e1mbitos laborales, p\u00fablicos y privados, del estado espa\u00f1ol y tendr\u00e1 una duraci\u00f3n de 24 horas. Intentaremos que todos los comit\u00e9s de huelga est\u00e9n compuestos por mujeres y vigilaremos que los servicios m\u00ednimos, que habitualmente nos imponen patronales y gobiernos de turno para boicotear este derecho fundamental de la clase obrera, no sean abusivos, reserv\u00e1ndonos el derecho de actuar jur\u00eddica, social y sindicalmente contra ellos si llega el caso.<\/p>\n\n\n\n<p>Esta organizaci\u00f3n es consciente del importante trabajo realizado por el Movimiento Feminista en el desarrollo de esta iniciativa, a nivel nacional e internacional, por ello procuraremos que exista una coordinaci\u00f3n efectiva y pr\u00e1ctica para que tenga el mayor \u00e9xito posible, lo que trasladaremos desde este Secretariado Permanente a todos los entes de la organizaci\u00f3n para que fluya la informaci\u00f3n que se genere durante la Huelga General.<\/p>\n\n\n\n<p>CGT hace un llamamiento a toda la clase trabajadora y a la sociedad en general, para que secunden esta Huelga y participen en todos los actos, acciones y manifestaciones que se convoquen el d\u00eda 8 de Marzo de 2019, contribuyendo as\u00ed a que sea nuevamente una jornada hist\u00f3rica.<\/p>\n\n\n\n<p style=\"text-align:center\">POR TI, POR NOSOTRAS, POR TODAS<\/p>\n\n\n\n<p style=\"text-align:center\">SIN NOSOTRAS EL MUNDO NO FUNCIONA<\/p>\n\n\n\n<p style=\"text-align:right\">lunes, 28 de enero de 2019<\/p>\n\n\n\n<p style=\"text-align:right\">Secretariado Permanente de Comit\u00e9 Confederal<\/p>\n","protected":false},"excerpt":{"rendered":"<p>La Confederaci\u00f3n General del Trabajo (CGT) ha celebrado un Congreso Extraordinario en M\u00e9rida el pasado fin de semana, para debatir sobre la jornada del 8 de Marzo (d\u00eda de la Mujer Trabajadora), en el que hemos alcanzado el acuerdo de &hellip; <a href=\"https:\/\/cgtcantabria.org\/wp\/?p=9064\">Sigue leyendo <span class=\"meta-nav\">&rarr;<\/span><\/a><\/p>\n","protected":false},"author":19,"featured_media":0,"comment_status":"open","ping_status":"open","sticky":false,"template":"","format":"standard","meta":{"footnotes":""},"categories":[5,45,29,17],"tags":[],"class_list":["post-9064","post","type-post","status-publish","format-standard","hentry","category-comunicados","category-feminismo","category-huelga","category-mujer"],"_links":{"self":[{"href":"https:\/\/cgtcantabria.org\/wp\/index.php?rest_route=\/wp\/v2\/posts\/9064","targetHints":{"allow":["GET"]}}],"collection":[{"href":"https:\/\/cgtcantabria.org\/wp\/index.php?rest_route=\/wp\/v2\/posts"}],"about":[{"href":"https:\/\/cgtcantabria.org\/wp\/index.php?rest_route=\/wp\/v2\/types\/post"}],"author":[{"embeddable":true,"href":"https:\/\/cgtcantabria.org\/wp\/index.php?rest_route=\/wp\/v2\/users\/19"}],"replies":[{"embeddable":true,"href":"https:\/\/cgtcantabria.org\/wp\/index.php?rest_route=%2Fwp%2Fv2%2Fcomments&post=9064"}],"version-history":[{"count":1,"href":"https:\/\/cgtcantabria.org\/wp\/index.php?rest_route=\/wp\/v2\/posts\/9064\/revisions"}],"predecessor-version":[{"id":9066,"href":"https:\/\/cgtcantabria.org\/wp\/index.php?rest_route=\/wp\/v2\/posts\/9064\/revisions\/9066"}],"wp:attachment":[{"href":"https:\/\/cgtcantabria.org\/wp\/index.php?rest_route=%2Fwp%2Fv2%2Fmedia&parent=9064"}],"wp:term":[{"taxonomy":"category","embeddable":true,"href":"https:\/\/cgtcantabria.org\/wp\/index.php?rest_route=%2Fwp%2Fv2%2Fcategories&post=9064"},{"taxonomy":"post_tag","embeddable":true,"href":"https:\/\/cgtcantabria.org\/wp\/index.php?rest_route=%2Fwp%2Fv2%2Ftags&post=9064"}],"curies":[{"name":"wp","href":"https:\/\/api.w.org\/{rel}","templated":true}]}}