{"id":9212,"date":"2019-11-05T09:23:51","date_gmt":"2019-11-05T08:23:51","guid":{"rendered":"https:\/\/www.cgtcantabria.org\/wp\/?p=9212"},"modified":"2019-11-03T09:26:28","modified_gmt":"2019-11-03T08:26:28","slug":"encuentro-estatal-de-grupos-y-colectivos-por-la-amnistia-social-comunicado-de-solidaridad","status":"publish","type":"post","link":"https:\/\/cgtcantabria.org\/wp\/?p=9212","title":{"rendered":"Encuentro \u00abEstatal\u00bb de grupos y colectivos por la amnist\u00eda social: COMUNICADO DE SOLIDARIDAD"},"content":{"rendered":"<p style=\"text-align: justify;\"><a href=\"https:\/\/cgtcantabria.org\/wp\/wp-content\/uploads\/2019\/11\/amnistia_social-pgv.png\"><img loading=\"lazy\" decoding=\"async\" class=\"size-medium wp-image-9213 alignleft\" src=\"https:\/\/cgtcantabria.org\/wp\/wp-content\/uploads\/2019\/11\/amnistia_social-pgv-233x300.png\" alt=\"\" width=\"233\" height=\"300\" srcset=\"https:\/\/cgtcantabria.org\/wp\/wp-content\/uploads\/2019\/11\/amnistia_social-pgv-233x300.png 233w, https:\/\/cgtcantabria.org\/wp\/wp-content\/uploads\/2019\/11\/amnistia_social-pgv.png 272w\" sizes=\"auto, (max-width: 233px) 100vw, 233px\" \/><\/a>Los grupos y colectivos participantes en el Encuentro por la Amnist\u00eda Social celebrado en la Parroquia de S. Carlos Borromeo (Madrid), queremos mostrar nuestro apoyo afectuoso y solidario con quienes en estos momentos est\u00e1n sufriendo la represi\u00f3n como consecuencia de sus luchas en defensa de su dignidad.<br \/>\nDesgraciadamente estamos asistiendo a una represi\u00f3n desmedida y en todas sus variantes (baja, media y alta intensidad) desde el poder, como m\u00e9todo para mantener sus privilegios e intereses. Nos encontramos con una gran cantidad de casos, v\u00edctimas de graves represiones, como consecuencia de la utilizaci\u00f3n de leyes como la \u00abley Mordaza\u00bb, al no saber resolver los conflictos sino es con la utilizaci\u00f3n de la fuerza. Sentimos que son tal la cantidad de casos en estos momentos en los tribunales que es pr\u00e1cticamente imposible nombrarlos a todos.<\/p>\n<p style=\"text-align: justify;\">Por esta raz\u00f3n, las personas asistentes al Encuentro por la Amnist\u00eda Social, queremos mostrar la m\u00e1xima preocupaci\u00f3n por la deriva autoritaria\u00a0 del Estado y por la justificaci\u00f3n que \u00e9l mismo hace de sus pol\u00edticas represivas. Desde este encuentro queremos denunciar y solidarizarnos con aquellas personas y colectivos que conocemos que est\u00e1n sufriendo esta represi\u00f3n.<\/p>\n<ul style=\"text-align: justify;\">\n<li>En primer lugar, nuestro afecto y solidaridad con Alfon, sus familiares y amigas.<\/li>\n<li>Nuestro apoyo, este 25 de Noviembre, contra la violencia machista y denunciando la posici\u00f3n mezquina de la justicia y de los medios de comunicaci\u00f3n ante la violaci\u00f3n y la violencia ejercida en contra de la dignidad de las mujeres en casos como el de Pamplona.<\/li>\n<li>Nos solidarizamos con Victor Tormo,\u00a0 militante de CGT-Castell\u00f3, que ser\u00e1 juzgado el pr\u00f3ximo d\u00eda 4 de diciembre y al que se le piden 3 a\u00f1os de prisi\u00f3n y 12.000 euros de multa por haber publicado en las redes sociales fotos de polic\u00edas secretas que actuaron sin identificaci\u00f3n como tales.<\/li>\n<li>Mostramos nuestra indignaci\u00f3n con la pol\u00edtica represiva continuada que se ejerce en las Fronteras de Ceuta y Melilla y con sus devoluciones en caliente a Marruecos de personas inmigrantes. As\u00ed mismo denunciamos que se utilice la c\u00e1rcel de Archidona (M\u00e1laga), aun sin acabar, para transformarla en un CIE improvisado, ignorando todas las normas humanitarias. \u00a1\u00a1Ni presos, ni presas&#8230;ni CIES, ni rejas!!<\/li>\n<li>Queremos apoyar\u00a0 a Ascensi\u00f3n Lopez, la beb\u00e9 robada que ir\u00e1 a la prisi\u00f3n por denunciar su caso. Le piden 55.000 euros para evitar la prisi\u00f3n.<\/li>\n<li>Mostramos nuestra indignaci\u00f3n por la persecuci\u00f3n a l@s mucic@s y cantantes de la Insurgencia (grupo de hip-hop combativo). Tambi\u00e9n por la persecuci\u00f3n a la libre expresi\u00f3n en las redes sociales y que est\u00e1 suponiendo un sin fin de casos de represi\u00f3n, impensables hace unos a\u00f1os; ejemplos como el de Alfredo Ramirez, el primer tuitero en entrar en prisi\u00f3n por sus escritos en Internet.<\/li>\n<li>Pedimos la libertad de las personas encarceladas de Altsasua, a las que se les quiere condenar por terrorismo por una pelea en un bar con guardia civiles y a los que fiscal\u00eda les pide m\u00e1s de 50 a\u00f1os para cada\u00a0 joven. Llevan ya m\u00e1s de un a\u00f1o en la c\u00e1rcel.<\/li>\n<li>Mostramos nuestra solidaridad con la gente del caso de l@s 27 de la Universidad de Barcelona, que tienen que ser juzgados en breve por haber ocupado el rectorado. Entre estas personas encausadas se encuentra el Secretario de CGT de Catalu\u00f1a.<\/li>\n<li>Mostramos nuestra solidaridad con Alberto Ca\u00f1edo, ex-alcalde de Carcaboso en C\u00e1ceres (Extremadura). Alberto Ca\u00f1edo tiene varias condenas por haberse enfrentado al bipartidismo pol\u00edtico en su ayuntamiento y ensayar en su pueblo modestas iniciativas de desarrollo local y agroecolog\u00eda.<\/li>\n<li>Denunciamos la represi\u00f3n al movimiento vecinal de Murcia, que tan valientemente se est\u00e1n oponiendo al muro que RENFE-ADIF quiere levantar separando a barrios y personas. Ante la decidida oposici\u00f3n del vecindario les est\u00e1n empezando a llegar multas a cientos por desobediencia, resistencia, da\u00f1os, etc. Desde el Encuentro por la Amnist\u00eda Social nuestra solidaridad y apoyo.<\/li>\n<li>Exigimos que termine la represi\u00f3n en los centros de trabajo contra l@s trabajador@s que luchan por los derechos laborales en sus empresas. La represi\u00f3n\u00a0 es tan continua que los despidos, amenazas, coacciones y todo tipo de abusos por parte de los empresarios es lo cotidiano en el mundo del empleo. Son tantos los casos que no sabr\u00edamos por donde empezar. \u00a1\u00a1NO LA LAS REFORMAS LABORALES!!<\/li>\n<li>Apoyamos a todos los Centros Sociales que est\u00e9n sufriendo\u00a0 la represi\u00f3n del estado en cualquiera de sus formas. \u201cLa Dragona\u201d en Madrid, La Invisible en M\u00e1laga y La Revo en Sevilla. De la misma manera a las gentes\u00a0 de la Corrala Guevara, en M\u00e1laga, que luchan por recuperar sus viviendas.<\/li>\n<li>Nos oponemos a que se abra la mina de Uranio en Retortillo\u00a0 y comarca(Salamanca), poniendo en juego la vida de much\u00edsimas personas y el futuro, ya dif\u00edcil en estos momentos, de estas tierras. \u00a1\u00a1Ni una agresi\u00f3n m\u00e1s a las zonas rurales!!<\/li>\n<li>Mostramos nuestra solidaridad con los grupos de acci\u00f3n antimilitarista de las Islas Canarias, sancionados por una acci\u00f3n no violenta el D\u00eda de las Fuerzas Armadas en las Palmas. As\u00ed mismo mostramos nuestra solidaridad y apoyo a la joven Ahisa, militante de la Asamblea Nacional Canaria, represaliada con 18 meses de c\u00e1rcel por realizar una pintada contra el Paro<\/li>\n<li>Denunciamos todos los episodios represivos que est\u00e1n sucediendose en Catalu\u00f1a debido a lo que se conoce como el Proces de Independencia. Libertad para todas las personas presas y las que han sufrido la violencia en ese conflicto.<\/li>\n<\/ul>\n<p style=\"text-align: justify;\">Por \u00faltimo, mostramos nuestra preocupaci\u00f3n por el auge de las actividades racistas y fascistas de los grupos de extrema derecha, as\u00ed c\u00f3mo la tolerancia y permisividad ante sus actos violentos por parte\u00a0 de las autoridades y los cuerpos policiales. As\u00ed lo demuestran casos como los del 9 de Octubre en Valencia,los fascistas de Blanquerna, agresiones en Barcelona, Murcia o M\u00e1laga.<\/p>\n<p style=\"text-align: right;\"><strong>ENCUENTRO ESTATAL POR LA AMNIST\u00cdA SOCIAL.<\/strong><\/p>\n","protected":false},"excerpt":{"rendered":"<p>Los grupos y colectivos participantes en el Encuentro por la Amnist\u00eda Social celebrado en la Parroquia de S. Carlos Borromeo (Madrid), queremos mostrar nuestro apoyo afectuoso y solidario con quienes en estos momentos est\u00e1n sufriendo la represi\u00f3n como consecuencia de &hellip; <a href=\"https:\/\/cgtcantabria.org\/wp\/?p=9212\">Sigue leyendo <span class=\"meta-nav\">&rarr;<\/span><\/a><\/p>\n","protected":false},"author":19,"featured_media":0,"comment_status":"closed","ping_status":"closed","sticky":false,"template":"","format":"gallery","meta":{"footnotes":""},"categories":[16,37],"tags":[],"class_list":["post-9212","post","type-post","status-publish","format-gallery","hentry","category-accion-social","category-amnistia-social","post_format-post-format-gallery"],"_links":{"self":[{"href":"https:\/\/cgtcantabria.org\/wp\/index.php?rest_route=\/wp\/v2\/posts\/9212","targetHints":{"allow":["GET"]}}],"collection":[{"href":"https:\/\/cgtcantabria.org\/wp\/index.php?rest_route=\/wp\/v2\/posts"}],"about":[{"href":"https:\/\/cgtcantabria.org\/wp\/index.php?rest_route=\/wp\/v2\/types\/post"}],"author":[{"embeddable":true,"href":"https:\/\/cgtcantabria.org\/wp\/index.php?rest_route=\/wp\/v2\/users\/19"}],"replies":[{"embeddable":true,"href":"https:\/\/cgtcantabria.org\/wp\/index.php?rest_route=%2Fwp%2Fv2%2Fcomments&post=9212"}],"version-history":[{"count":1,"href":"https:\/\/cgtcantabria.org\/wp\/index.php?rest_route=\/wp\/v2\/posts\/9212\/revisions"}],"predecessor-version":[{"id":9214,"href":"https:\/\/cgtcantabria.org\/wp\/index.php?rest_route=\/wp\/v2\/posts\/9212\/revisions\/9214"}],"wp:attachment":[{"href":"https:\/\/cgtcantabria.org\/wp\/index.php?rest_route=%2Fwp%2Fv2%2Fmedia&parent=9212"}],"wp:term":[{"taxonomy":"category","embeddable":true,"href":"https:\/\/cgtcantabria.org\/wp\/index.php?rest_route=%2Fwp%2Fv2%2Fcategories&post=9212"},{"taxonomy":"post_tag","embeddable":true,"href":"https:\/\/cgtcantabria.org\/wp\/index.php?rest_route=%2Fwp%2Fv2%2Ftags&post=9212"}],"curies":[{"name":"wp","href":"https:\/\/api.w.org\/{rel}","templated":true}]}}