{"id":9354,"date":"2020-10-26T12:21:08","date_gmt":"2020-10-26T11:21:08","guid":{"rendered":"https:\/\/www.cgtcantabria.org\/wp\/?p=9354"},"modified":"2020-10-26T12:21:08","modified_gmt":"2020-10-26T11:21:08","slug":"talleres-escuela-de-verano-por-zoom","status":"publish","type":"post","link":"https:\/\/cgtcantabria.org\/wp\/?p=9354","title":{"rendered":"Talleres Escuela de Verano por Zoom"},"content":{"rendered":"<p>Desde la Secretar\u00eda de Acci\u00f3n Social del Secretariado Permanente del Comit\u00e9 Confederal queremos informaros que vamos a llevar a cabo los\u00a0 talleres relacionados con la tem\u00e1tica de la Espa\u00f1a Vac\u00eda\u00a0 que se hab\u00edan organizado para la Escuela Libertaria de Verano en Ruesta de este a\u00f1o\u00a0 y que tuvieron que suspenderse debido a\u00a0 la crisis sanitaria causada por la Covid-19.<\/p>\n<p>Dada la relevancia del tema nos parec\u00eda importante y necesario abordar algunos aspectos de la problem\u00e1tica que afecta a los pueblos que conforman la Espa\u00f1a Vac\u00eda y, por ello, desde esta Secretar\u00eda queremos ofrecer a toda la afiliaci\u00f3n los conocimientos de expertos del tema que nos acercaran a algunos de esos aspectos.<\/p>\n<p>El pr\u00f3ximo d\u00eda\u00a0<strong>27 de octubre<\/strong>\u00a0se impartir\u00e1n on-line los\u00a0 siguientes talleres:<\/p>\n<ul>\n<li><strong>17:00 h. Tren social que vertebra el territorio<\/strong>. Juan Ram\u00f3n Ferrandis Bres\u00f3, Ferroviario, Coordinador de la Plataforma de Defensa del Ferrocarril de CGT, activista social y medioambiental. Suscripci\u00f3n:\u00a0<a href=\"https:\/\/us02web.zoom.us\/webinar\/register\/WN_gVU2-N35SUa5Z8NTbDb2kg\" target=\"_blank\" rel=\"noopener noreferrer\" data-saferedirecturl=\"https:\/\/www.google.com\/url?q=https:\/\/us02web.zoom.us\/webinar\/register\/WN_gVU2-N35SUa5Z8NTbDb2kg&amp;source=gmail&amp;ust=1603797396278000&amp;usg=AFQjCNGDRjn3a7ysmVy3Ep5-IT8ny5_dsw\">https:\/\/us02web.zoom.us\/<wbr \/>webinar\/register\/WN_gVU2-<wbr \/>N35SUa5Z8NTbDb2kg<\/a><\/li>\n<\/ul>\n<ul>\n<li><strong>19:00 h. Comunicaciones &#8211; Banda Ancha en el mundo rural<\/strong>. Jos\u00e9 Gabriel Consuegra Fern\u00e1ndez de Capel, Director de Rojo y Negro TV.\u00a0Suscripci\u00f3n:\u00a0<a href=\"https:\/\/us02web.zoom.us\/webinar\/register\/WN_HSrsQRbaQ6ueVKqbOvaG0Q\" target=\"_blank\" rel=\"noopener noreferrer\" data-saferedirecturl=\"https:\/\/www.google.com\/url?q=https:\/\/us02web.zoom.us\/webinar\/register\/WN_HSrsQRbaQ6ueVKqbOvaG0Q&amp;source=gmail&amp;ust=1603797396278000&amp;usg=AFQjCNE8BfUf18RIm9admw94m2_SSdze9w\">https:\/\/<wbr \/>us02web.zoom.us\/webinar\/<wbr \/>register\/WN_<wbr \/>HSrsQRbaQ6ueVKqbOvaG0Q<\/a><\/li>\n<\/ul>\n","protected":false},"excerpt":{"rendered":"<p>Desde la Secretar\u00eda de Acci\u00f3n Social del Secretariado Permanente del Comit\u00e9 Confederal queremos informaros que vamos a llevar a cabo los\u00a0 talleres relacionados con la tem\u00e1tica de la Espa\u00f1a Vac\u00eda\u00a0 que se hab\u00edan organizado para la Escuela Libertaria de Verano &hellip; <a href=\"https:\/\/cgtcantabria.org\/wp\/?p=9354\">Sigue leyendo <span class=\"meta-nav\">&rarr;<\/span><\/a><\/p>\n","protected":false},"author":19,"featured_media":0,"comment_status":"closed","ping_status":"closed","sticky":false,"template":"","format":"standard","meta":{"footnotes":""},"categories":[16],"tags":[],"class_list":["post-9354","post","type-post","status-publish","format-standard","hentry","category-accion-social"],"_links":{"self":[{"href":"https:\/\/cgtcantabria.org\/wp\/index.php?rest_route=\/wp\/v2\/posts\/9354","targetHints":{"allow":["GET"]}}],"collection":[{"href":"https:\/\/cgtcantabria.org\/wp\/index.php?rest_route=\/wp\/v2\/posts"}],"about":[{"href":"https:\/\/cgtcantabria.org\/wp\/index.php?rest_route=\/wp\/v2\/types\/post"}],"author":[{"embeddable":true,"href":"https:\/\/cgtcantabria.org\/wp\/index.php?rest_route=\/wp\/v2\/users\/19"}],"replies":[{"embeddable":true,"href":"https:\/\/cgtcantabria.org\/wp\/index.php?rest_route=%2Fwp%2Fv2%2Fcomments&post=9354"}],"version-history":[{"count":1,"href":"https:\/\/cgtcantabria.org\/wp\/index.php?rest_route=\/wp\/v2\/posts\/9354\/revisions"}],"predecessor-version":[{"id":9355,"href":"https:\/\/cgtcantabria.org\/wp\/index.php?rest_route=\/wp\/v2\/posts\/9354\/revisions\/9355"}],"wp:attachment":[{"href":"https:\/\/cgtcantabria.org\/wp\/index.php?rest_route=%2Fwp%2Fv2%2Fmedia&parent=9354"}],"wp:term":[{"taxonomy":"category","embeddable":true,"href":"https:\/\/cgtcantabria.org\/wp\/index.php?rest_route=%2Fwp%2Fv2%2Fcategories&post=9354"},{"taxonomy":"post_tag","embeddable":true,"href":"https:\/\/cgtcantabria.org\/wp\/index.php?rest_route=%2Fwp%2Fv2%2Ftags&post=9354"}],"curies":[{"name":"wp","href":"https:\/\/api.w.org\/{rel}","templated":true}]}}