{"id":9415,"date":"2020-11-19T11:38:05","date_gmt":"2020-11-19T10:38:05","guid":{"rendered":"https:\/\/www.cgtcantabria.org\/wp\/?p=9415"},"modified":"2020-11-19T11:38:05","modified_gmt":"2020-11-19T10:38:05","slug":"25n-dia-internacional-contra-las-violencias-machistas","status":"publish","type":"post","link":"https:\/\/cgtcantabria.org\/wp\/?p=9415","title":{"rendered":"25N d\u00eda internacional contra las violencias machistas"},"content":{"rendered":"<p>El d\u00eda 25 de noviembre con motivo del d\u00eda internacional\u00a0contra las violencias machistas, nos manifestaremos en una acci\u00f3n organizada por las asambleas abiertas feministas de Cantabria; de la que daremos informaci\u00f3n d\u00edas antes del evento.<\/p>\n<div><a href=\"https:\/\/cgtcantabria.org\/wp\/wp-content\/uploads\/2020\/11\/Manifiesto-25N-2020-castellano_page-0001.jpg\"><img loading=\"lazy\" decoding=\"async\" class=\"alignnone size-medium wp-image-9416\" src=\"https:\/\/cgtcantabria.org\/wp\/wp-content\/uploads\/2020\/11\/Manifiesto-25N-2020-castellano_page-0001-211x300.jpg\" alt=\"\" width=\"211\" height=\"300\" srcset=\"https:\/\/cgtcantabria.org\/wp\/wp-content\/uploads\/2020\/11\/Manifiesto-25N-2020-castellano_page-0001-211x300.jpg 211w, https:\/\/cgtcantabria.org\/wp\/wp-content\/uploads\/2020\/11\/Manifiesto-25N-2020-castellano_page-0001-721x1024.jpg 721w, https:\/\/cgtcantabria.org\/wp\/wp-content\/uploads\/2020\/11\/Manifiesto-25N-2020-castellano_page-0001-768x1090.jpg 768w, https:\/\/cgtcantabria.org\/wp\/wp-content\/uploads\/2020\/11\/Manifiesto-25N-2020-castellano_page-0001.jpg 874w\" sizes=\"auto, (max-width: 211px) 100vw, 211px\" \/><\/a><a href=\"https:\/\/cgtcantabria.org\/wp\/wp-content\/uploads\/2020\/11\/Manifiesto-25N-2020-castellano_page-0002.jpg\"><img loading=\"lazy\" decoding=\"async\" class=\"alignnone size-medium wp-image-9417\" src=\"https:\/\/cgtcantabria.org\/wp\/wp-content\/uploads\/2020\/11\/Manifiesto-25N-2020-castellano_page-0002-211x300.jpg\" alt=\"\" width=\"211\" height=\"300\" srcset=\"https:\/\/cgtcantabria.org\/wp\/wp-content\/uploads\/2020\/11\/Manifiesto-25N-2020-castellano_page-0002-211x300.jpg 211w, https:\/\/cgtcantabria.org\/wp\/wp-content\/uploads\/2020\/11\/Manifiesto-25N-2020-castellano_page-0002-721x1024.jpg 721w, https:\/\/cgtcantabria.org\/wp\/wp-content\/uploads\/2020\/11\/Manifiesto-25N-2020-castellano_page-0002-768x1090.jpg 768w, https:\/\/cgtcantabria.org\/wp\/wp-content\/uploads\/2020\/11\/Manifiesto-25N-2020-castellano_page-0002.jpg 874w\" sizes=\"auto, (max-width: 211px) 100vw, 211px\" \/><\/a><\/div>\n<div><\/div>\n","protected":false},"excerpt":{"rendered":"<p>El d\u00eda 25 de noviembre con motivo del d\u00eda internacional\u00a0contra las violencias machistas, nos manifestaremos en una acci\u00f3n organizada por las asambleas abiertas feministas de Cantabria; de la que daremos informaci\u00f3n d\u00edas antes del evento.<\/p>\n","protected":false},"author":19,"featured_media":0,"comment_status":"closed","ping_status":"closed","sticky":false,"template":"","format":"standard","meta":{"footnotes":""},"categories":[16],"tags":[],"class_list":["post-9415","post","type-post","status-publish","format-standard","hentry","category-accion-social"],"_links":{"self":[{"href":"https:\/\/cgtcantabria.org\/wp\/index.php?rest_route=\/wp\/v2\/posts\/9415","targetHints":{"allow":["GET"]}}],"collection":[{"href":"https:\/\/cgtcantabria.org\/wp\/index.php?rest_route=\/wp\/v2\/posts"}],"about":[{"href":"https:\/\/cgtcantabria.org\/wp\/index.php?rest_route=\/wp\/v2\/types\/post"}],"author":[{"embeddable":true,"href":"https:\/\/cgtcantabria.org\/wp\/index.php?rest_route=\/wp\/v2\/users\/19"}],"replies":[{"embeddable":true,"href":"https:\/\/cgtcantabria.org\/wp\/index.php?rest_route=%2Fwp%2Fv2%2Fcomments&post=9415"}],"version-history":[{"count":1,"href":"https:\/\/cgtcantabria.org\/wp\/index.php?rest_route=\/wp\/v2\/posts\/9415\/revisions"}],"predecessor-version":[{"id":9418,"href":"https:\/\/cgtcantabria.org\/wp\/index.php?rest_route=\/wp\/v2\/posts\/9415\/revisions\/9418"}],"wp:attachment":[{"href":"https:\/\/cgtcantabria.org\/wp\/index.php?rest_route=%2Fwp%2Fv2%2Fmedia&parent=9415"}],"wp:term":[{"taxonomy":"category","embeddable":true,"href":"https:\/\/cgtcantabria.org\/wp\/index.php?rest_route=%2Fwp%2Fv2%2Fcategories&post=9415"},{"taxonomy":"post_tag","embeddable":true,"href":"https:\/\/cgtcantabria.org\/wp\/index.php?rest_route=%2Fwp%2Fv2%2Ftags&post=9415"}],"curies":[{"name":"wp","href":"https:\/\/api.w.org\/{rel}","templated":true}]}}