{"id":9498,"date":"2021-01-14T18:20:57","date_gmt":"2021-01-14T17:20:57","guid":{"rendered":"https:\/\/www.cgtcantabria.org\/wp\/?p=9498"},"modified":"2021-01-14T18:20:57","modified_gmt":"2021-01-14T17:20:57","slug":"curso-sobre-memoria-historica-deuda-historica-con-las-victimas-del-franquismo","status":"publish","type":"post","link":"https:\/\/cgtcantabria.org\/wp\/?p=9498","title":{"rendered":"Curso sobre \u00abMemoria Hist\u00f3rica: Deuda hist\u00f3rica con las v\u00edctimas del Franquismo"},"content":{"rendered":"<p><a href=\"https:\/\/cgtcantabria.org\/wp\/wp-content\/uploads\/2021\/01\/Cartel-Memoria-Historica-1.jpg\"><img loading=\"lazy\" decoding=\"async\" class=\"size-medium wp-image-9499 alignleft\" src=\"https:\/\/cgtcantabria.org\/wp\/wp-content\/uploads\/2021\/01\/Cartel-Memoria-Historica-1-212x300.jpg\" alt=\"\" width=\"212\" height=\"300\" srcset=\"https:\/\/cgtcantabria.org\/wp\/wp-content\/uploads\/2021\/01\/Cartel-Memoria-Historica-1-212x300.jpg 212w, https:\/\/cgtcantabria.org\/wp\/wp-content\/uploads\/2021\/01\/Cartel-Memoria-Historica-1-724x1024.jpg 724w, https:\/\/cgtcantabria.org\/wp\/wp-content\/uploads\/2021\/01\/Cartel-Memoria-Historica-1-768x1086.jpg 768w, https:\/\/cgtcantabria.org\/wp\/wp-content\/uploads\/2021\/01\/Cartel-Memoria-Historica-1-1087x1536.jpg 1087w, https:\/\/cgtcantabria.org\/wp\/wp-content\/uploads\/2021\/01\/Cartel-Memoria-Historica-1.jpg 1240w\" sizes=\"auto, (max-width: 212px) 100vw, 212px\" \/><\/a>Compa\u00f1eras y compa\u00f1eros,<\/p>\n<p>Desde la Secretar\u00eda de Formaci\u00f3n y la Secretar\u00eda de Memoria Hist\u00f3rica del Secretariado Permanente del Comit\u00e9 Confederal de CGT, hemos organizado una nueva jornada formativa que hemos titulado \u00abMemoria hist\u00f3rica: Deuda hist\u00f3rica con las v\u00edctimas del Franquismo\u00bb.<\/p>\n<p>Para ello, contamos con la participaci\u00f3n de:<\/p>\n<p><strong>&#8211; CECILIO GORDILLO.\u00a0<\/strong>Recuperando la Memoria de la Historia Social de Andaluc\u00eda-CGT.A, coordinador de \u00abTodos los (&#8230;) nombres\u00bb.<\/p>\n<p><strong>-JOAQUIM BOSCH.<\/strong>\u00a0Magistrado.<\/p>\n<p><strong>-ROSA GARC\u00cdA ALC\u00d3N.<\/strong>\u00a0V\u00edctima de torturas, LA Comuna de expresos y expresas del Franquismo.<\/p>\n<p>Este debate tendr\u00e1 lugar el mi\u00e9rcoles 27 de enero a las 17h. por la plataforma ZOOM.<\/p>\n<p>La inscripci\u00f3n del curso mediante el c\u00f3digo QR en el cartel o en el siguiente enlace que aparece m\u00e1s abajo.<\/p>\n<p>La concienzuda, certera y extenuante lucha de la sociedad civil a trav\u00e9s de las asociaciones de MEMORIA por la justicia y la reparaci\u00f3n de las personas represaliadas por la dictadura, que resulta un pilar esencial de toda sociedad que se diga democr\u00e1tica y de la lucha del anarcosindicalismo y el antifascismo. Han tenido que superar muchas dificultades para que se empiecen a reconocer las atrocidades de la Dictadura franquista, las deficiencias de la Ley de Memoria de 2007 y la resistencia por parte de la administraci\u00f3n publicas a destapar una p\u00e1gina de nuestra historia. Asimismo ha sido aprobado anteproyecto de Ley de Memoria Democr\u00e1tica para suplir la anterior Ley. Son todos elementos, que consideramos esenciales en unos tiempos en los que el auge de la extrema derecha hace fundamenal nuestra propuesta trabajo sindical, en el tajo. Es importante conocer lo que como clase trabajadora hemos sufrido en nuestra lucha por los derechos sociales y las libertades.<\/p>\n<p>El enlace para la inscripci\u00f3n al curso es:<\/p>\n<p><a href=\"https:\/\/us02web.zoom.us\/webinar\/register\/WN_gfuUD_IzQ7KZFox1DO2Oaw\" target=\"_blank\" rel=\"noopener noreferrer\" data-saferedirecturl=\"https:\/\/www.google.com\/url?q=https:\/\/us02web.zoom.us\/webinar\/register\/WN_gfuUD_IzQ7KZFox1DO2Oaw&amp;source=gmail&amp;ust=1610730494514000&amp;usg=AFQjCNEgaO78ViheGNCzzPOtMgTZK0Qzaw\">https:\/\/us02web.zoom.us\/<wbr \/>webinar\/register\/WN_gfuUD_<wbr \/>IzQ7KZFox1DO2Oaw<\/a><\/p>\n<p>Luego de la inscripci\u00f3n, recibir\u00e1s un correo electr\u00f3nico de confirmaci\u00f3n con informaci\u00f3n para unirse al seminario web (en el ir\u00e1 el enlace para acceder a las jornadas).<\/p>\n<p>Esperamos sea de vuestro inter\u00e9s.<\/p>\n<p>&nbsp;<\/p>\n","protected":false},"excerpt":{"rendered":"<p>Compa\u00f1eras y compa\u00f1eros, Desde la Secretar\u00eda de Formaci\u00f3n y la Secretar\u00eda de Memoria Hist\u00f3rica del Secretariado Permanente del Comit\u00e9 Confederal de CGT, hemos organizado una nueva jornada formativa que hemos titulado \u00abMemoria hist\u00f3rica: Deuda hist\u00f3rica con las v\u00edctimas del Franquismo\u00bb. &hellip; <a href=\"https:\/\/cgtcantabria.org\/wp\/?p=9498\">Sigue leyendo <span class=\"meta-nav\">&rarr;<\/span><\/a><\/p>\n","protected":false},"author":19,"featured_media":9499,"comment_status":"closed","ping_status":"closed","sticky":false,"template":"","format":"standard","meta":{"footnotes":""},"categories":[57],"tags":[],"class_list":["post-9498","post","type-post","status-publish","format-standard","has-post-thumbnail","hentry","category-cursos"],"_links":{"self":[{"href":"https:\/\/cgtcantabria.org\/wp\/index.php?rest_route=\/wp\/v2\/posts\/9498","targetHints":{"allow":["GET"]}}],"collection":[{"href":"https:\/\/cgtcantabria.org\/wp\/index.php?rest_route=\/wp\/v2\/posts"}],"about":[{"href":"https:\/\/cgtcantabria.org\/wp\/index.php?rest_route=\/wp\/v2\/types\/post"}],"author":[{"embeddable":true,"href":"https:\/\/cgtcantabria.org\/wp\/index.php?rest_route=\/wp\/v2\/users\/19"}],"replies":[{"embeddable":true,"href":"https:\/\/cgtcantabria.org\/wp\/index.php?rest_route=%2Fwp%2Fv2%2Fcomments&post=9498"}],"version-history":[{"count":1,"href":"https:\/\/cgtcantabria.org\/wp\/index.php?rest_route=\/wp\/v2\/posts\/9498\/revisions"}],"predecessor-version":[{"id":9500,"href":"https:\/\/cgtcantabria.org\/wp\/index.php?rest_route=\/wp\/v2\/posts\/9498\/revisions\/9500"}],"wp:featuredmedia":[{"embeddable":true,"href":"https:\/\/cgtcantabria.org\/wp\/index.php?rest_route=\/wp\/v2\/media\/9499"}],"wp:attachment":[{"href":"https:\/\/cgtcantabria.org\/wp\/index.php?rest_route=%2Fwp%2Fv2%2Fmedia&parent=9498"}],"wp:term":[{"taxonomy":"category","embeddable":true,"href":"https:\/\/cgtcantabria.org\/wp\/index.php?rest_route=%2Fwp%2Fv2%2Fcategories&post=9498"},{"taxonomy":"post_tag","embeddable":true,"href":"https:\/\/cgtcantabria.org\/wp\/index.php?rest_route=%2Fwp%2Fv2%2Ftags&post=9498"}],"curies":[{"name":"wp","href":"https:\/\/api.w.org\/{rel}","templated":true}]}}