{"id":9589,"date":"2021-02-28T10:32:28","date_gmt":"2021-02-28T09:32:28","guid":{"rendered":"https:\/\/www.cgtcantabria.org\/wp\/?p=9589"},"modified":"2021-02-28T10:32:28","modified_gmt":"2021-02-28T09:32:28","slug":"actualidad-la-policia-cargo-contra-los-manifestantes-en-defensa-de-la-sanidad-publica-mientras-hacen-un-cordon-de-seguridad-a-la-organizacion-neonazi-bastion-frontal-que-ha-irrumpido-en-la-manifestac","status":"publish","type":"post","link":"https:\/\/cgtcantabria.org\/wp\/?p=9589","title":{"rendered":"Actualidad: La polic\u00eda carg\u00f3 contra los manifestantes en defensa de la Sanidad P\u00fablica mientras hacen un cord\u00f3n de seguridad a la organizaci\u00f3n neonazi Basti\u00f3n frontal que ha irrumpido en la manifestaci\u00f3n."},"content":{"rendered":"<p>La polic\u00eda carg\u00f3 contra los manifestantes en defensa de la Sanidad P\u00fablica mientras hacen un cord\u00f3n de seguridad a la organizaci\u00f3n neonazi Basti\u00f3n frontal que ha irrumpido en la manifestaci\u00f3n. El resultado fue un detenido, nuestro compa\u00f1ero secretario general del sindicato de oficios varios del sur de Madrid. Hay cosas que no podemos permitir, Fuera fascistas de nuestras calles!!<\/p>\n<p>El compa\u00f1ero fue puesto en libertad pasadas las 16:30 del s\u00e1bado.<\/p>\n<p><a href=\"https:\/\/cgtcantabria.org\/wp\/wp-content\/uploads\/2021\/02\/Represion-contra-los-manifestantes-que-defienden-la-Sanidad-Publica-1-page0001.jpg\"><img loading=\"lazy\" decoding=\"async\" class=\"alignnone size-medium wp-image-9591\" src=\"https:\/\/cgtcantabria.org\/wp\/wp-content\/uploads\/2021\/02\/Represion-contra-los-manifestantes-que-defienden-la-Sanidad-Publica-1-page0001-212x300.jpg\" alt=\"\" width=\"212\" height=\"300\" srcset=\"https:\/\/cgtcantabria.org\/wp\/wp-content\/uploads\/2021\/02\/Represion-contra-los-manifestantes-que-defienden-la-Sanidad-Publica-1-page0001-212x300.jpg 212w, https:\/\/cgtcantabria.org\/wp\/wp-content\/uploads\/2021\/02\/Represion-contra-los-manifestantes-que-defienden-la-Sanidad-Publica-1-page0001-725x1024.jpg 725w, https:\/\/cgtcantabria.org\/wp\/wp-content\/uploads\/2021\/02\/Represion-contra-los-manifestantes-que-defienden-la-Sanidad-Publica-1-page0001-768x1085.jpg 768w, https:\/\/cgtcantabria.org\/wp\/wp-content\/uploads\/2021\/02\/Represion-contra-los-manifestantes-que-defienden-la-Sanidad-Publica-1-page0001-1087x1536.jpg 1087w, https:\/\/cgtcantabria.org\/wp\/wp-content\/uploads\/2021\/02\/Represion-contra-los-manifestantes-que-defienden-la-Sanidad-Publica-1-page0001.jpg 1241w\" sizes=\"auto, (max-width: 212px) 100vw, 212px\" \/><\/a><\/p>\n","protected":false},"excerpt":{"rendered":"<p>La polic\u00eda carg\u00f3 contra los manifestantes en defensa de la Sanidad P\u00fablica mientras hacen un cord\u00f3n de seguridad a la organizaci\u00f3n neonazi Basti\u00f3n frontal que ha irrumpido en la manifestaci\u00f3n. El resultado fue un detenido, nuestro compa\u00f1ero secretario general del &hellip; <a href=\"https:\/\/cgtcantabria.org\/wp\/?p=9589\">Sigue leyendo <span class=\"meta-nav\">&rarr;<\/span><\/a><\/p>\n","protected":false},"author":19,"featured_media":0,"comment_status":"closed","ping_status":"closed","sticky":false,"template":"","format":"standard","meta":{"footnotes":""},"categories":[15,37,5,7,58],"tags":[],"class_list":["post-9589","post","type-post","status-publish","format-standard","hentry","category-accion-sindical","category-amnistia-social","category-comunicados","category-movilizaciones","category-represion"],"_links":{"self":[{"href":"https:\/\/cgtcantabria.org\/wp\/index.php?rest_route=\/wp\/v2\/posts\/9589","targetHints":{"allow":["GET"]}}],"collection":[{"href":"https:\/\/cgtcantabria.org\/wp\/index.php?rest_route=\/wp\/v2\/posts"}],"about":[{"href":"https:\/\/cgtcantabria.org\/wp\/index.php?rest_route=\/wp\/v2\/types\/post"}],"author":[{"embeddable":true,"href":"https:\/\/cgtcantabria.org\/wp\/index.php?rest_route=\/wp\/v2\/users\/19"}],"replies":[{"embeddable":true,"href":"https:\/\/cgtcantabria.org\/wp\/index.php?rest_route=%2Fwp%2Fv2%2Fcomments&post=9589"}],"version-history":[{"count":1,"href":"https:\/\/cgtcantabria.org\/wp\/index.php?rest_route=\/wp\/v2\/posts\/9589\/revisions"}],"predecessor-version":[{"id":9592,"href":"https:\/\/cgtcantabria.org\/wp\/index.php?rest_route=\/wp\/v2\/posts\/9589\/revisions\/9592"}],"wp:attachment":[{"href":"https:\/\/cgtcantabria.org\/wp\/index.php?rest_route=%2Fwp%2Fv2%2Fmedia&parent=9589"}],"wp:term":[{"taxonomy":"category","embeddable":true,"href":"https:\/\/cgtcantabria.org\/wp\/index.php?rest_route=%2Fwp%2Fv2%2Fcategories&post=9589"},{"taxonomy":"post_tag","embeddable":true,"href":"https:\/\/cgtcantabria.org\/wp\/index.php?rest_route=%2Fwp%2Fv2%2Ftags&post=9589"}],"curies":[{"name":"wp","href":"https:\/\/api.w.org\/{rel}","templated":true}]}}