{"id":9667,"date":"2021-03-18T18:23:58","date_gmt":"2021-03-18T17:23:58","guid":{"rendered":"https:\/\/www.cgtcantabria.org\/wp\/?p=9667"},"modified":"2021-03-18T18:23:58","modified_gmt":"2021-03-18T17:23:58","slug":"curso-de-nominas-y-seguridad-social-09-03-21","status":"publish","type":"post","link":"https:\/\/cgtcantabria.org\/wp\/?p=9667","title":{"rendered":"Curso de n\u00f3minas y seguridad social. (09\/03\/21)"},"content":{"rendered":"<p>Desde la federaci\u00f3n del metal de CGT se ha realizado curso de n\u00f3minas y seguridad social, impartido por Diego Rej\u00f3n Bayo (Secretario de Formaci\u00f3n de la FESIM). Os dejamos el enlace youtube del curso y el de la documentaci\u00f3n del mismo. Esperamos que os sea de ayuda.<\/p>\n<p>Salud!<\/p>\n<p>Acceso al video:<\/p>\n<p><a href=\"https:\/\/www.youtube.com\/watch?v=Fh9vFH1JuJE&amp;t=13s&amp;ab_channel=COMUNICACIONFESIM-CGT\">https:\/\/www.youtube.com\/watch?v=Fh9vFH1JuJE&amp;t=13s&amp;ab_channel=COMUNICACIONFESIM-CGT<\/a><\/p>\n<p>Docu.<\/p>\n<p><a href=\"https:\/\/drive.google.com\/file\/d\/1_MRGuRi6cJdRJsRH7PGlmTtV-LZv4Upt\/view\">https:\/\/drive.google.com\/file\/d\/1_MRGuRi6cJdRJsRH7PGlmTtV-LZv4Upt\/view<\/a><\/p>\n<p>&nbsp;<\/p>\n<p>&nbsp;<\/p>\n","protected":false},"excerpt":{"rendered":"<p>Desde la federaci\u00f3n del metal de CGT se ha realizado curso de n\u00f3minas y seguridad social, impartido por Diego Rej\u00f3n Bayo (Secretario de Formaci\u00f3n de la FESIM). Os dejamos el enlace youtube del curso y el de la documentaci\u00f3n del &hellip; <a href=\"https:\/\/cgtcantabria.org\/wp\/?p=9667\">Sigue leyendo <span class=\"meta-nav\">&rarr;<\/span><\/a><\/p>\n","protected":false},"author":19,"featured_media":0,"comment_status":"closed","ping_status":"closed","sticky":false,"template":"","format":"standard","meta":{"footnotes":""},"categories":[57,14],"tags":[],"class_list":["post-9667","post","type-post","status-publish","format-standard","hentry","category-cursos","category-formacion"],"_links":{"self":[{"href":"https:\/\/cgtcantabria.org\/wp\/index.php?rest_route=\/wp\/v2\/posts\/9667","targetHints":{"allow":["GET"]}}],"collection":[{"href":"https:\/\/cgtcantabria.org\/wp\/index.php?rest_route=\/wp\/v2\/posts"}],"about":[{"href":"https:\/\/cgtcantabria.org\/wp\/index.php?rest_route=\/wp\/v2\/types\/post"}],"author":[{"embeddable":true,"href":"https:\/\/cgtcantabria.org\/wp\/index.php?rest_route=\/wp\/v2\/users\/19"}],"replies":[{"embeddable":true,"href":"https:\/\/cgtcantabria.org\/wp\/index.php?rest_route=%2Fwp%2Fv2%2Fcomments&post=9667"}],"version-history":[{"count":1,"href":"https:\/\/cgtcantabria.org\/wp\/index.php?rest_route=\/wp\/v2\/posts\/9667\/revisions"}],"predecessor-version":[{"id":9668,"href":"https:\/\/cgtcantabria.org\/wp\/index.php?rest_route=\/wp\/v2\/posts\/9667\/revisions\/9668"}],"wp:attachment":[{"href":"https:\/\/cgtcantabria.org\/wp\/index.php?rest_route=%2Fwp%2Fv2%2Fmedia&parent=9667"}],"wp:term":[{"taxonomy":"category","embeddable":true,"href":"https:\/\/cgtcantabria.org\/wp\/index.php?rest_route=%2Fwp%2Fv2%2Fcategories&post=9667"},{"taxonomy":"post_tag","embeddable":true,"href":"https:\/\/cgtcantabria.org\/wp\/index.php?rest_route=%2Fwp%2Fv2%2Ftags&post=9667"}],"curies":[{"name":"wp","href":"https:\/\/api.w.org\/{rel}","templated":true}]}}