{"id":9888,"date":"2021-07-13T17:20:59","date_gmt":"2021-07-13T16:20:59","guid":{"rendered":"https:\/\/www.cgtcantabria.org\/wp\/?p=9888"},"modified":"2021-07-13T17:21:18","modified_gmt":"2021-07-13T16:21:18","slug":"manifestacion-17-de-julio-1900h","status":"publish","type":"post","link":"https:\/\/cgtcantabria.org\/wp\/?p=9888","title":{"rendered":"Manifestaci\u00f3n 17 de julio 19:00h"},"content":{"rendered":"<p>Desde la CGT con varias asociaciones, sindicatos y partidos; llamamos a la movilizaci\u00f3n para rechazar toda violencia al colectivo LGTBI. D\u00eda tras d\u00eda vemos como aumentan los casos de agresiones y como las pol\u00edticas ultraconservadoras en Europa y el avance de la ultraderecha en nuestro estado, est\u00e1n tratando de mermar los derechos tan duramente conseguidos.<\/p>\n<p>Es por ello que salimos a la calle a decir basta!<\/p>\n<p>somos diversxs, la diversidad es lo natural<\/p>\n<p>La LGTBIfobia Mata!<\/p>\n<p><a href=\"https:\/\/cgtcantabria.org\/wp\/wp-content\/uploads\/2021\/07\/IMG-20210713-WA0001.jpg\"><img loading=\"lazy\" decoding=\"async\" class=\"size-medium wp-image-9889 alignnone\" src=\"https:\/\/cgtcantabria.org\/wp\/wp-content\/uploads\/2021\/07\/IMG-20210713-WA0001-212x300.jpg\" alt=\"\" width=\"212\" height=\"300\" srcset=\"https:\/\/cgtcantabria.org\/wp\/wp-content\/uploads\/2021\/07\/IMG-20210713-WA0001-212x300.jpg 212w, https:\/\/cgtcantabria.org\/wp\/wp-content\/uploads\/2021\/07\/IMG-20210713-WA0001-724x1024.jpg 724w, https:\/\/cgtcantabria.org\/wp\/wp-content\/uploads\/2021\/07\/IMG-20210713-WA0001-768x1086.jpg 768w, https:\/\/cgtcantabria.org\/wp\/wp-content\/uploads\/2021\/07\/IMG-20210713-WA0001-1086x1536.jpg 1086w, https:\/\/cgtcantabria.org\/wp\/wp-content\/uploads\/2021\/07\/IMG-20210713-WA0001.jpg 1240w\" sizes=\"auto, (max-width: 212px) 100vw, 212px\" \/><\/a><\/p>\n<p>&nbsp;<\/p>\n<p>&nbsp;<\/p>\n","protected":false},"excerpt":{"rendered":"<p>Desde la CGT con varias asociaciones, sindicatos y partidos; llamamos a la movilizaci\u00f3n para rechazar toda violencia al colectivo LGTBI. D\u00eda tras d\u00eda vemos como aumentan los casos de agresiones y como las pol\u00edticas ultraconservadoras en Europa y el avance &hellip; <a href=\"https:\/\/cgtcantabria.org\/wp\/?p=9888\">Sigue leyendo <span class=\"meta-nav\">&rarr;<\/span><\/a><\/p>\n","protected":false},"author":19,"featured_media":0,"comment_status":"closed","ping_status":"closed","sticky":false,"template":"","format":"standard","meta":{"footnotes":""},"categories":[16],"tags":[],"class_list":["post-9888","post","type-post","status-publish","format-standard","hentry","category-accion-social"],"_links":{"self":[{"href":"https:\/\/cgtcantabria.org\/wp\/index.php?rest_route=\/wp\/v2\/posts\/9888","targetHints":{"allow":["GET"]}}],"collection":[{"href":"https:\/\/cgtcantabria.org\/wp\/index.php?rest_route=\/wp\/v2\/posts"}],"about":[{"href":"https:\/\/cgtcantabria.org\/wp\/index.php?rest_route=\/wp\/v2\/types\/post"}],"author":[{"embeddable":true,"href":"https:\/\/cgtcantabria.org\/wp\/index.php?rest_route=\/wp\/v2\/users\/19"}],"replies":[{"embeddable":true,"href":"https:\/\/cgtcantabria.org\/wp\/index.php?rest_route=%2Fwp%2Fv2%2Fcomments&post=9888"}],"version-history":[{"count":2,"href":"https:\/\/cgtcantabria.org\/wp\/index.php?rest_route=\/wp\/v2\/posts\/9888\/revisions"}],"predecessor-version":[{"id":9891,"href":"https:\/\/cgtcantabria.org\/wp\/index.php?rest_route=\/wp\/v2\/posts\/9888\/revisions\/9891"}],"wp:attachment":[{"href":"https:\/\/cgtcantabria.org\/wp\/index.php?rest_route=%2Fwp%2Fv2%2Fmedia&parent=9888"}],"wp:term":[{"taxonomy":"category","embeddable":true,"href":"https:\/\/cgtcantabria.org\/wp\/index.php?rest_route=%2Fwp%2Fv2%2Fcategories&post=9888"},{"taxonomy":"post_tag","embeddable":true,"href":"https:\/\/cgtcantabria.org\/wp\/index.php?rest_route=%2Fwp%2Fv2%2Ftags&post=9888"}],"curies":[{"name":"wp","href":"https:\/\/api.w.org\/{rel}","templated":true}]}}