{"id":9907,"date":"2021-08-17T19:42:44","date_gmt":"2021-08-17T18:42:44","guid":{"rendered":"https:\/\/www.cgtcantabria.org\/wp\/?p=9907"},"modified":"2021-08-17T19:42:44","modified_gmt":"2021-08-17T18:42:44","slug":"frente-al-fascismo-y-la-barbarie-solidaridad-internacional-con-afganistan-y-su-poblacion-civil","status":"publish","type":"post","link":"https:\/\/cgtcantabria.org\/wp\/?p=9907","title":{"rendered":"Frente al fascismo y la barbarie, solidaridad internacional con Afganist\u00e1n y su poblaci\u00f3n civil."},"content":{"rendered":"<p>Desde la\u00a0<strong>Confederaci\u00f3n General del Trabajo<\/strong>\u00a0nos sumamos a la denuncia internacional\u00a0<strong>contra la invasi\u00f3n del ej\u00e9rcito talib\u00e1n en Afganist\u00e1n y la imposici\u00f3n de su interpretaci\u00f3n de la Sharia<\/strong>\u00a0o ley isl\u00e1mica a la poblaci\u00f3n, y en particular, a las mujeres, mayores y j\u00f3venes.<\/p>\n<p>Esta situaci\u00f3n no es nueva, tanto la poblaci\u00f3n afgana como la comunidad internacional conocemos las graves consecuencias del gobierno talib\u00e1n: la falta de\u00a0<strong>reconocimiento de los derechos humanos m\u00e1s b\u00e1sicos sobre libertad, igualdad y dignidad<\/strong>\u00a0<strong>humana<\/strong>, como el derecho a la vida, la educaci\u00f3n, el arraigo, el derecho a migrar, al asilo, a la libertad sexual, a los derechos de la infancia\u2026 Tampoco olvidamos la irreparable destrucci\u00f3n del patrimonio art\u00edstico que ha ido vanaglori\u00e1ndose de destruir el Estado Isl\u00e1mico, el patrimonio de toda la humanidad.<\/p>\n<p>Tras la conquista esta semana de la capital afgana, Kabul, se confirman los peores presagios. El Estado Fascista Isl\u00e1mico se instaura tambi\u00e9n en Afganist\u00e1n con la connivencia del silencio internacional.<\/p>\n<p>Frente a ello, en lo que va de a\u00f1o, m\u00e1s de 550.000 personas afganas han abandonado sus hogares, aumentando la cifra total de personas desplazadas por encima de los 5 millones, seg\u00fan informa el Alto Comisionado de la ONU para los Refugiados (ACNUR). Instituci\u00f3n que ha instado al mundo a que, debido a la situaci\u00f3n de emergencia humanitaria y la fragilidad en el respecto a los derechos humanos en Afganist\u00e1n,\u00a0<strong>no se deporte a su poblaci\u00f3n \u201cni devoluciones forzosas ni repatriaciones de personas que hayan visto rechazada su solicitud de asilo\u201d<\/strong>. Desde ACNUR se recuerda que \u00a0\u00abLos pa\u00edses tienen la responsabilidad legal y moral de permitir el paso a quienes huyen de Afganist\u00e1n buscando seguridad\u00bb, ya que existen obligaciones internacionales para no empujar a personas a \u00absituaciones de peligro\u00bb.<\/p>\n<p>Pero m\u00e1s all\u00e1 de las instituciones, desde CGT defendemos el escrupuloso respeto a los derechos humanos de toda la poblaci\u00f3n. Es por ello que alzamos nuestra voz para\u00a0<strong>exigirle a la \u20acuropa Fortaleza que, una vez m\u00e1s, no vulnere los derechos de la poblaci\u00f3n migrante<\/strong>\u00a0y que no d\u00e9 la espalda a la poblaci\u00f3n afgana cerrando las fronteras.<\/p>\n<p>Del mismo modo, nos hemos sumado a la\u00a0<strong>petici\u00f3n internacional de abrir un cord\u00f3n humanitario que permita la huida de la poblaci\u00f3n afgana<\/strong>.<\/p>\n<p><strong>La lucha antifascista no debe respetar las falsas fronteras del capitalismo, la solidaridad feminista tampoco.<\/strong><\/p>\n<p><a href=\"https:\/\/cgtcantabria.org\/wp\/wp-content\/uploads\/2021\/08\/17082021-Afganistan_page-0001.jpg\"><img loading=\"lazy\" decoding=\"async\" class=\"alignnone size-medium wp-image-9908\" src=\"https:\/\/cgtcantabria.org\/wp\/wp-content\/uploads\/2021\/08\/17082021-Afganistan_page-0001-212x300.jpg\" alt=\"\" width=\"212\" height=\"300\" srcset=\"https:\/\/cgtcantabria.org\/wp\/wp-content\/uploads\/2021\/08\/17082021-Afganistan_page-0001-212x300.jpg 212w, https:\/\/cgtcantabria.org\/wp\/wp-content\/uploads\/2021\/08\/17082021-Afganistan_page-0001-724x1024.jpg 724w, https:\/\/cgtcantabria.org\/wp\/wp-content\/uploads\/2021\/08\/17082021-Afganistan_page-0001-768x1086.jpg 768w, https:\/\/cgtcantabria.org\/wp\/wp-content\/uploads\/2021\/08\/17082021-Afganistan_page-0001-1086x1536.jpg 1086w, https:\/\/cgtcantabria.org\/wp\/wp-content\/uploads\/2021\/08\/17082021-Afganistan_page-0001.jpg 1241w\" sizes=\"auto, (max-width: 212px) 100vw, 212px\" \/><\/a> <a href=\"https:\/\/cgtcantabria.org\/wp\/wp-content\/uploads\/2021\/08\/17082021-Afganistan_page-0002.jpg\"><img loading=\"lazy\" decoding=\"async\" class=\"alignnone size-medium wp-image-9909\" src=\"https:\/\/cgtcantabria.org\/wp\/wp-content\/uploads\/2021\/08\/17082021-Afganistan_page-0002-212x300.jpg\" alt=\"\" width=\"212\" height=\"300\" srcset=\"https:\/\/cgtcantabria.org\/wp\/wp-content\/uploads\/2021\/08\/17082021-Afganistan_page-0002-212x300.jpg 212w, https:\/\/cgtcantabria.org\/wp\/wp-content\/uploads\/2021\/08\/17082021-Afganistan_page-0002-724x1024.jpg 724w, https:\/\/cgtcantabria.org\/wp\/wp-content\/uploads\/2021\/08\/17082021-Afganistan_page-0002-768x1086.jpg 768w, https:\/\/cgtcantabria.org\/wp\/wp-content\/uploads\/2021\/08\/17082021-Afganistan_page-0002-1086x1536.jpg 1086w, https:\/\/cgtcantabria.org\/wp\/wp-content\/uploads\/2021\/08\/17082021-Afganistan_page-0002.jpg 1241w\" sizes=\"auto, (max-width: 212px) 100vw, 212px\" \/><\/a><\/p>\n","protected":false},"excerpt":{"rendered":"<p>Desde la\u00a0Confederaci\u00f3n General del Trabajo\u00a0nos sumamos a la denuncia internacional\u00a0contra la invasi\u00f3n del ej\u00e9rcito talib\u00e1n en Afganist\u00e1n y la imposici\u00f3n de su interpretaci\u00f3n de la Sharia\u00a0o ley isl\u00e1mica a la poblaci\u00f3n, y en particular, a las mujeres, mayores y j\u00f3venes. &hellip; <a href=\"https:\/\/cgtcantabria.org\/wp\/?p=9907\">Sigue leyendo <span class=\"meta-nav\">&rarr;<\/span><\/a><\/p>\n","protected":false},"author":19,"featured_media":0,"comment_status":"closed","ping_status":"closed","sticky":false,"template":"","format":"standard","meta":{"footnotes":""},"categories":[16,37,45],"tags":[],"class_list":["post-9907","post","type-post","status-publish","format-standard","hentry","category-accion-social","category-amnistia-social","category-feminismo"],"_links":{"self":[{"href":"https:\/\/cgtcantabria.org\/wp\/index.php?rest_route=\/wp\/v2\/posts\/9907","targetHints":{"allow":["GET"]}}],"collection":[{"href":"https:\/\/cgtcantabria.org\/wp\/index.php?rest_route=\/wp\/v2\/posts"}],"about":[{"href":"https:\/\/cgtcantabria.org\/wp\/index.php?rest_route=\/wp\/v2\/types\/post"}],"author":[{"embeddable":true,"href":"https:\/\/cgtcantabria.org\/wp\/index.php?rest_route=\/wp\/v2\/users\/19"}],"replies":[{"embeddable":true,"href":"https:\/\/cgtcantabria.org\/wp\/index.php?rest_route=%2Fwp%2Fv2%2Fcomments&post=9907"}],"version-history":[{"count":1,"href":"https:\/\/cgtcantabria.org\/wp\/index.php?rest_route=\/wp\/v2\/posts\/9907\/revisions"}],"predecessor-version":[{"id":9910,"href":"https:\/\/cgtcantabria.org\/wp\/index.php?rest_route=\/wp\/v2\/posts\/9907\/revisions\/9910"}],"wp:attachment":[{"href":"https:\/\/cgtcantabria.org\/wp\/index.php?rest_route=%2Fwp%2Fv2%2Fmedia&parent=9907"}],"wp:term":[{"taxonomy":"category","embeddable":true,"href":"https:\/\/cgtcantabria.org\/wp\/index.php?rest_route=%2Fwp%2Fv2%2Fcategories&post=9907"},{"taxonomy":"post_tag","embeddable":true,"href":"https:\/\/cgtcantabria.org\/wp\/index.php?rest_route=%2Fwp%2Fv2%2Ftags&post=9907"}],"curies":[{"name":"wp","href":"https:\/\/api.w.org\/{rel}","templated":true}]}}