{"id":9912,"date":"2021-09-19T18:44:35","date_gmt":"2021-09-19T17:44:35","guid":{"rendered":"https:\/\/www.cgtcantabria.org\/wp\/?p=9912"},"modified":"2021-09-19T18:44:35","modified_gmt":"2021-09-19T17:44:35","slug":"cursos-septiembre-y-octubre-2021","status":"publish","type":"post","link":"https:\/\/cgtcantabria.org\/wp\/?p=9912","title":{"rendered":"Cursos septiembre y octubre 2021"},"content":{"rendered":"<p>Queridos compa\u00f1eras y compa\u00f1eros:<\/p>\n<p>Desde la Secretar\u00eda de Formaci\u00f3n queremos comenzar el curso formativo promoviendo nuevas sesiones que esperamos que sean de gran inter\u00e9s. Para ello queremos impulsar tanto la formaci\u00f3n relacionada con todos los aspectos de la acci\u00f3n sindical y la negociaci\u00f3n colectiva que hemos venido realizando en los \u00faltimos a\u00f1os, como sesiones y cursos m\u00e1s vinculados con la coyuntura pol\u00edtico-social y las movilizaciones sociales que van a tener lugar en los pr\u00f3ximos meses. Unas movilizaciones promovidas por distintos colectivos que desde CGT vamos a acompa\u00f1ar y apoyar como respuesta ante la dif\u00edcil situaci\u00f3n econ\u00f3mica y social se encuentra la clase trabajadora.<\/p>\n<p>Desgraciadamente, la pandemia sigue siendo un gran problema para la formaci\u00f3n presencial. Estamos tratando que m\u00e1s pronto que tarde, los cursos combinen el formato online con la presencialidad. Sin embargo, por el momento, vamos a seguir con los cursos online v\u00eda Zoom hasta que podamos garantizar que la asistencia presencial pueda llegar a un grupo importante de personas de forma segura.<\/p>\n<p>Desde la Secretar\u00eda os queremos invitar a los siguientes cursos y sesiones que van a tener lugar en los meses de septiembre y octubre. Esperamos que sean de vuestro inter\u00e9s y que el grado de asistencia y apoyo siga teniendo el \u00e9xito que a\u00f1os anteriores hemos alcanzado.<\/p>\n<p><strong>30 de septiembre<\/strong>:\u00a0<strong>La mercantilizaci\u00f3n de las pensiones. Por unas pensiones suficientes y digas<\/strong><\/p>\n<p>De 10:30 a 13:30 horas.<\/p>\n<p>Una sesi\u00f3n que estar orientadas a explicar el problema actual de las pensiones, las consecuencias socioecon\u00f3micas que implica para la sociedad y los motivos que nos llevan a la movilizaci\u00f3n.<\/p>\n<p>Esta sesi\u00f3n correr\u00e1 a cargo de\u00a0<strong>Desiderio Mart\u00edn<\/strong>\u00a0(Escuela de Formaci\u00f3n Eladio Villanueba),\u00a0<strong>Pep Ju\u00e1rez<\/strong>\u00a0(COESPE UNIDAD) Y\u00a0<strong>\u00c1gueda Gaia (<\/strong>Plataforma de pensionistas Balears)<\/p>\n<p>Enlace de inscripci\u00f3n online v\u00eda Zoom:<\/p>\n<p><a href=\"https:\/\/us02web.zoom.us\/webinar\/register\/WN_pmTcjUpDQHq8fvKRXYi4qg\" target=\"_blank\" rel=\"noopener\" data-saferedirecturl=\"https:\/\/www.google.com\/url?q=https:\/\/us02web.zoom.us\/webinar\/register\/WN_pmTcjUpDQHq8fvKRXYi4qg&amp;source=gmail&amp;ust=1632159640898000&amp;usg=AFQjCNE1KIn95xvPD4ILUECpJ5fK6gparw\">https:\/\/us02web.zoom.us\/<wbr \/>webinar\/register\/WN_<wbr \/>pmTcjUpDQHq8fvKRXYi4qg<\/a><\/p>\n<p><strong>8 de octubre:\u00a0Derechos y aplicaci\u00f3n de la Carta Social Europea: herramienta para garantizar los derechos econ\u00f3micos, sociales y culturales.<\/strong><\/p>\n<p>De 10:00 a 13:00 horas<\/p>\n<p>El pasado 11 de junio de 2021 el BOE public\u00f3 el Instrumento de Ratificaci\u00f3n de la Carta Social Europea revisada (CSER), estando en vigor para Espa\u00f1a desde el 1 de julio de 2021. A trav\u00e9s de \u00e9sta, Espa\u00f1a acept\u00f3 la supervisi\u00f3n de las obligaciones derivadas de la CSE.\u00a0 En realidad, nos estamos refiriendo a la \u00abConstituci\u00f3n Social de Europa\u00bb y recoge los derechos humanos sociales fundamentales. La aplicaci\u00f3n de la CSE es una herramienta que podemos utilizar en la pr\u00e1ctica diaria para lograr derechos econ\u00f3micos, sociales y culturales.<\/p>\n<p>Para esta sesi\u00f3n tan importante, contamos con la presencia de\u00a0<strong>Carlos Hugo Preciado,\u00a0<\/strong>Magistrado del Tribunal Superior de Justicia de Catalunya y miembro de Jueces para la Democracia.<\/p>\n<p><strong>Enlace de inscripci\u00f3n online v\u00eda Zoom<\/strong>:\u00a0<a href=\"https:\/\/us02web.zoom.us\/webinar\/register\/WN_wVa-9NZ-QNu9RCbZ08Kt4A\" target=\"_blank\" rel=\"noopener\" data-saferedirecturl=\"https:\/\/www.google.com\/url?q=https:\/\/us02web.zoom.us\/webinar\/register\/WN_wVa-9NZ-QNu9RCbZ08Kt4A&amp;source=gmail&amp;ust=1632159640898000&amp;usg=AFQjCNFgSO4bYghGD1rTtAlE_IjLWTeA-g\">https:\/\/us02web.zoom.us\/<wbr \/>webinar\/register\/WN_wVa-9NZ-<wbr \/>QNu9RCbZ08Kt4A<\/a><\/p>\n<p><strong>21 de octubre: III Sesi\u00f3n Historia del Anarcosindicalismo en el Estado Espa\u00f1ol. \u201cEl anarcosindicalismo despu\u00e9s de la transici\u00f3n\u201d.<\/strong><\/p>\n<p><strong>De 17:00 a 19:00 horas<\/strong><\/p>\n<p>A lo largo del curso pasado, la Secretar\u00eda de Formaci\u00f3n y la Comisi\u00f3n de Memoria Hist\u00f3rica de la CGT, a petici\u00f3n de muchas compa\u00f1eras y compa\u00f1eros, impuls\u00f3 este ciclo de conferencias sobre la Historia del Anarcosindicalismo. En la primera de ellas, se abord\u00f3 la historia del anarcosindicalismo desde finales de siglo XIX hasta la Guerra Civil. Una sesi\u00f3n que tuvo un gran \u00e9xito y que corri\u00f3 a cargo de Jos\u00e9 Luis Guti\u00e9rrez Molina, uno de los investigadores m\u00e1s importantes del anarquismo y de la historia social contempor\u00e1nea de Andaluc\u00eda. Si no pudiste asistir, puedes volver a verlo pinchando\u00a0<a href=\"https:\/\/in-formacioncgt.info\/historia-de-anarcosindicalismo-en-el-estado-espanol-1a-sesion-finales-del-siglo-xix-a-la-guerra-civil\/\" target=\"_blank\" rel=\"noopener\" data-saferedirecturl=\"https:\/\/www.google.com\/url?q=https:\/\/in-formacioncgt.info\/historia-de-anarcosindicalismo-en-el-estado-espanol-1a-sesion-finales-del-siglo-xix-a-la-guerra-civil\/&amp;source=gmail&amp;ust=1632159640898000&amp;usg=AFQjCNGEELplVFjNmhEX6GbZ9OomTSqUvg\">aqu\u00ed<\/a>.<\/p>\n<p>En la segunda sesi\u00f3n de este ciclo del pasado mes de junio, \u00c1ngel Herrer\u00edn, historiador especializado en el anarcosindicalismo espa\u00f1ol, junto con Laura Vicent, historiadora especializada en la historia del anarquismo, el movimiento obrero y la historia de las mujeres, nos presentaron una sesi\u00f3n titulada \u201cGuerra y exilio. Las mujeres en el anarcosindicalismo espa\u00f1ol\u201d. Si no pudiste asistir, y quieres volver a ver esta sesi\u00f3n, pincha\u00a0<a href=\"https:\/\/in-formacioncgt.info\/historia-de-anarcosindicalismo-en-el-estado-espanol-2a-sesion-guerra-y-exilio-las-mujeres-en-el-anarcosindicalismo-espanol\/\" target=\"_blank\" rel=\"noopener\" data-saferedirecturl=\"https:\/\/www.google.com\/url?q=https:\/\/in-formacioncgt.info\/historia-de-anarcosindicalismo-en-el-estado-espanol-2a-sesion-guerra-y-exilio-las-mujeres-en-el-anarcosindicalismo-espanol\/&amp;source=gmail&amp;ust=1632159640898000&amp;usg=AFQjCNGkHJWdL5AAhKuPFsu2LHge4y1RcA\">aqu\u00ed<\/a>.<\/p>\n<p>Y, por \u00faltimo, cerramos este ciclo sobre la memoria hist\u00f3rica con la tercera sesi\u00f3n sobre \u201cEl anarcosindicalismo despu\u00e9s de la transici\u00f3n\u201d. Esta vez, el\u00a0<strong>pr\u00f3ximo 21 de octubre a las 16:30 horas<\/strong>, tendremos la suerte de contar\u00a0<strong>Reyes Casado<\/strong>, doctora en historia contempor\u00e1nea, experta en la reconstrucci\u00f3n de la CNT y autora de \u201cLa transici\u00f3n en rojo y negro CNT (1973-1980)\u201d editado por la Fundaci\u00f3n Salvador Segui.<\/p>\n<p><strong>Enlace de inscripci\u00f3n online v\u00eda Zoom<\/strong>:<\/p>\n<p><a href=\"https:\/\/us02web.zoom.us\/webinar\/register\/WN_s1KS3o_2Q0qlR--pDf0YKw\" target=\"_blank\" rel=\"noopener\" data-saferedirecturl=\"https:\/\/www.google.com\/url?q=https:\/\/us02web.zoom.us\/webinar\/register\/WN_s1KS3o_2Q0qlR--pDf0YKw&amp;source=gmail&amp;ust=1632159640898000&amp;usg=AFQjCNFTk5-RFONUv3hhhq-ncSRXj7uCQA\">https:\/\/us02web.zoom.us\/<wbr \/>webinar\/register\/WN_s1KS3o_<wbr \/>2Q0qlR&#8211;pDf0YKw<\/a><\/p>\n<p>Una vez hecho, recibir\u00e1s un correo desde la propia aplicaci\u00f3n de Zoom confirmando tu inscripci\u00f3n a la jornada con el enlace de la sesi\u00f3n.<\/p>\n<p>Tambi\u00e9n recibir\u00e1s otro correo desde la aplicaci\u00f3n el d\u00eda antes, as\u00ed como una hora antes del curso.<\/p>\n<p>Para cualquier duda pod\u00e9is contactarnos al correo electr\u00f3nico de la Secretar\u00eda de formaci\u00f3n\u00a0<a href=\"mailto:sp-formacion@cgt.org.es\" target=\"_blank\" rel=\"noopener\">sp-formacion@cgt.org.es<\/a><\/p>\n","protected":false},"excerpt":{"rendered":"<p>Queridos compa\u00f1eras y compa\u00f1eros: Desde la Secretar\u00eda de Formaci\u00f3n queremos comenzar el curso formativo promoviendo nuevas sesiones que esperamos que sean de gran inter\u00e9s. Para ello queremos impulsar tanto la formaci\u00f3n relacionada con todos los aspectos de la acci\u00f3n sindical &hellip; <a href=\"https:\/\/cgtcantabria.org\/wp\/?p=9912\">Sigue leyendo <span class=\"meta-nav\">&rarr;<\/span><\/a><\/p>\n","protected":false},"author":19,"featured_media":0,"comment_status":"closed","ping_status":"closed","sticky":false,"template":"","format":"standard","meta":{"footnotes":""},"categories":[57,14],"tags":[],"class_list":["post-9912","post","type-post","status-publish","format-standard","hentry","category-cursos","category-formacion"],"_links":{"self":[{"href":"https:\/\/cgtcantabria.org\/wp\/index.php?rest_route=\/wp\/v2\/posts\/9912","targetHints":{"allow":["GET"]}}],"collection":[{"href":"https:\/\/cgtcantabria.org\/wp\/index.php?rest_route=\/wp\/v2\/posts"}],"about":[{"href":"https:\/\/cgtcantabria.org\/wp\/index.php?rest_route=\/wp\/v2\/types\/post"}],"author":[{"embeddable":true,"href":"https:\/\/cgtcantabria.org\/wp\/index.php?rest_route=\/wp\/v2\/users\/19"}],"replies":[{"embeddable":true,"href":"https:\/\/cgtcantabria.org\/wp\/index.php?rest_route=%2Fwp%2Fv2%2Fcomments&post=9912"}],"version-history":[{"count":1,"href":"https:\/\/cgtcantabria.org\/wp\/index.php?rest_route=\/wp\/v2\/posts\/9912\/revisions"}],"predecessor-version":[{"id":9913,"href":"https:\/\/cgtcantabria.org\/wp\/index.php?rest_route=\/wp\/v2\/posts\/9912\/revisions\/9913"}],"wp:attachment":[{"href":"https:\/\/cgtcantabria.org\/wp\/index.php?rest_route=%2Fwp%2Fv2%2Fmedia&parent=9912"}],"wp:term":[{"taxonomy":"category","embeddable":true,"href":"https:\/\/cgtcantabria.org\/wp\/index.php?rest_route=%2Fwp%2Fv2%2Fcategories&post=9912"},{"taxonomy":"post_tag","embeddable":true,"href":"https:\/\/cgtcantabria.org\/wp\/index.php?rest_route=%2Fwp%2Fv2%2Ftags&post=9912"}],"curies":[{"name":"wp","href":"https:\/\/api.w.org\/{rel}","templated":true}]}}